{"id":2521,"date":"2018-04-10T10:30:46","date_gmt":"2018-04-10T09:30:46","guid":{"rendered":"http:\/\/csepelfc.hu\/?p=2521"},"modified":"2018-04-10T10:33:57","modified_gmt":"2018-04-10T09:33:57","slug":"puskas-afc-ii-csepel-fc-10-mestermerleg","status":"publish","type":"post","link":"http:\/\/csepelfc.hu\/index.php\/2018\/04\/10\/puskas-afc-ii-csepel-fc-10-mestermerleg\/","title":{"rendered":"Pusk\u00e1s AFC II &#8211; Csepel FC 1:0 &#8211; Mesterm\u00e9rleg"},"content":{"rendered":"<p>Feln\u0151tt egy\u00fcttes\u00fcnknek nem siker\u00fclt pontot rabolnia a felcs\u00fati Pusk\u00e1s Akad\u00e9mia FC II otthon\u00e1ban. A szoros, egy g\u00f3los veres\u00e9get k\u00f6vet\u0151n szakvezet\u0151nk nyilatkozott.<!--more--><strong>Gabala Kriszti\u00e1n szakmai vezet\u0151: <\/strong>&#8211; T\u00f6bb szempontb\u00f3l is neh\u00e9z h\u00e9t \u00e1ll m\u00f6g\u00f6tt\u00fcnk! Voltak pozit\u00edvumai a felcs\u00fati tal\u00e1lkoz\u00f3nak, ami a j\u00f6v\u0151t illet\u0151en bizakod\u00e1sra adhat okot: gondolok itt az ifist\u00e1ink j\u00e1t\u00e9k\u00e1ra. Gratul\u00e1lok ellenfel\u00fcnknek a gy\u0151zelemhez, de \u00fagy is k\u00edv\u00e1ncsi lettem volna a v\u00e9geredm\u00e9nyre, ha 11 a 11 ellen j\u00e1tsszuk v\u00e9gig a m\u00e9rk\u0151z\u00e9st.<\/p>\n<p>&nbsp;<\/p>\n<p>Eml\u00e9keztet\u0151\u00fcl:<\/p>\n<p><strong>PAFC II \u2013 Csepel FC 1\u20130 (1\u20130)<\/strong><\/p>\n<p><strong>Pusk\u00e1s AFC:<\/strong> T\u00f3th B. \u2013 Osv\u00e1th, Rad\u00f3 D., Vancz\u00e1k, Deutsch \u2013 Madar\u00e1sz (T\u00f3th K., 72.), N\u00e1ndori \u2013 Erdei (Szab\u00f3 M., 64.), Dar\u00f3czi, Prosser \u2013 Oroszi (Tim\u00e1ri 58.)<\/p>\n<p><strong>Csepel FC: <\/strong>Juh\u00e1sz G. \u2013 Hesz O., Szab\u00f3 \u00c1., D\u00e9vai Cs. (Papp \u00c1.), N\u00e9meth Z. (Torda B.), Haraszk\u00f3 S., Tepl\u00e1n J., V\u00f6r\u00f6s B., Marczinka T., Simon K., Somodi \u00c1.<\/p>\n<p><strong>G.:<\/strong> Oroszi (30.)<\/p>\n<p><strong>S\u00e1rga lap:<\/strong> Rad\u00f3 D. (25.), Vancz\u00e1k (70.), Prosser (83.), Osv\u00e1th (91.), ill. D\u00e9vai (36.), Szab\u00f3 \u00c1. (74.), Simon (91.)<\/p>\n","protected":false},"excerpt":{"rendered":"<div class=\"mh-excerpt\"><p>Feln\u0151tt egy\u00fcttes\u00fcnknek nem siker\u00fclt pontot rabolnia a felcs\u00fati Pusk\u00e1s Akad\u00e9mia FC II otthon\u00e1ban. A szoros, egy g\u00f3los veres\u00e9get k\u00f6vet\u0151n szakvezet\u0151nk nyilatkozott.<\/p>\n<\/div>","protected":false},"author":4,"featured_media":2523,"comment_status":"closed","ping_status":"open","sticky":false,"template":"","format":"standard","meta":{"jetpack_publicize_message":"","jetpack_is_tweetstorm":false,"jetpack_publicize_feature_enabled":true},"categories":[1,7],"tags":[],"jetpack_publicize_connections":[],"jetpack_featured_media_url":"http:\/\/csepelfc.hu\/wp-content\/uploads\/2018\/04\/GabalaKrisz.jpg","jetpack_sharing_enabled":true,"jetpack_shortlink":"https:\/\/wp.me\/p83FEU-EF","_links":{"self":[{"href":"http:\/\/csepelfc.hu\/index.php\/wp-json\/wp\/v2\/posts\/2521"}],"collection":[{"href":"http:\/\/csepelfc.hu\/index.php\/wp-json\/wp\/v2\/posts"}],"about":[{"href":"http:\/\/csepelfc.hu\/index.php\/wp-json\/wp\/v2\/types\/post"}],"author":[{"embeddable":true,"href":"http:\/\/csepelfc.hu\/index.php\/wp-json\/wp\/v2\/users\/4"}],"replies":[{"embeddable":true,"href":"http:\/\/csepelfc.hu\/index.php\/wp-json\/wp\/v2\/comments?post=2521"}],"version-history":[{"count":1,"href":"http:\/\/csepelfc.hu\/index.php\/wp-json\/wp\/v2\/posts\/2521\/revisions"}],"predecessor-version":[{"id":2522,"href":"http:\/\/csepelfc.hu\/index.php\/wp-json\/wp\/v2\/posts\/2521\/revisions\/2522"}],"wp:featuredmedia":[{"embeddable":true,"href":"http:\/\/csepelfc.hu\/index.php\/wp-json\/wp\/v2\/media\/2523"}],"wp:attachment":[{"href":"http:\/\/csepelfc.hu\/index.php\/wp-json\/wp\/v2\/media?parent=2521"}],"wp:term":[{"taxonomy":"category","embeddable":true,"href":"http:\/\/csepelfc.hu\/index.php\/wp-json\/wp\/v2\/categories?post=2521"},{"taxonomy":"post_tag","embeddable":true,"href":"http:\/\/csepelfc.hu\/index.php\/wp-json\/wp\/v2\/tags?post=2521"}],"curies":[{"name":"wp","href":"https:\/\/api.w.org\/{rel}","templated":true}]}}