{"id":2486,"date":"2018-04-05T15:22:48","date_gmt":"2018-04-05T14:22:48","guid":{"rendered":"http:\/\/csepelfc.hu\/?p=2486"},"modified":"2018-04-05T15:39:58","modified_gmt":"2018-04-05T14:39:58","slug":"up-fontos-gyozelmek-nem-vart-veresegek-forduloja","status":"publish","type":"post","link":"http:\/\/csepelfc.hu\/index.php\/2018\/04\/05\/up-fontos-gyozelmek-nem-vart-veresegek-forduloja\/","title":{"rendered":"UP: fontos gy\u0151zelmek, nem v\u00e1rt veres\u00e9gek fordul\u00f3ja"},"content":{"rendered":"<p>Klubunk igen fontos &#8220;h\u00e1torsz\u00e1ga&#8221; az ut\u00e1np\u00f3tl\u00e1s is megk\u00fczd\u00f6tt az id\u0151j\u00e1r\u00e1ssal \u00e9s a p\u00e1lyaviszonyokkal az el\u0151z\u0151 fordul\u00f3ban, de a l\u00e1nyok kiv\u00e9tel\u00e9vel mindegyik p\u00e1ly\u00e1ra l\u00e9pett, ez\u00fattal t\u00f6bb-kevesebb sikerrel. Nagyszer\u0171\u00a0gy\u0151zelmet aratott riv\u00e1lisa a F\u0151nix- Gold otthon\u00e1ban az U19, BLSZ U17 -es egylet\u00fcnk pedig g\u00f3lz\u00e1porral k\u00fcldte haza a nem sportp\u00e1ly\u00e1ra val\u00f3 viselked\u00e9s\u0171,\u00a0kultur\u00e1lt\u00a0magatart\u00e1st\u00a0csup\u00e1n\u00a0nagy vonalakban\u00a0felmutat\u00f3 M\u0171egyetem FC -t.<!--more--><\/p>\n<p><a id=\"set-post-thumbnail\" class=\"thickbox\" href=\"http:\/\/csepelfc.hu\/wp-admin\/media-upload.php?post_id=2486&amp;type=image&amp;TB_iframe=1\" aria-describedby=\"set-post-thumbnail-desc\"><img loading=\"lazy\" class=\"attachment-266x266 \" src=\"http:\/\/csepelfc.hu\/wp-content\/uploads\/2018\/04\/CsepelU19-F\u0151nixGold.jpg\" sizes=\"(max-width: 258px) 100vw, 258px\" alt=\"\" width=\"847\" height=\"873\" \/><\/a><\/p>\n<p><strong>Borda Viktor:<\/strong> &#8211; Nagy v\u00e1rakoz\u00e1ssal tekintett\u00fcnk a meccs el\u00e9, ugyanis ebben az \u00faj j\u00e1t\u00e9krendszerben, amiben most j\u00e1tszunk, az els\u0151 idegenbeli rangad\u00f3nkra ker\u00fclt sor \u00e9s k\u00edv\u00e1ncsian v\u00e1rtam, hogy fogunk teljes\u00edteni. Nem mell\u00e9kesen pedig ez a meccs alaposan meghat\u00e1rozta a bajnoks\u00e1g v\u00e9gkimenetel\u00e9t, hiszen egy gy\u0151zelem eset\u00e9n meg tudtuk tartani l\u00e9p\u00e9sel\u0151ny\u00fcnket. Az els\u0151 f\u00e9lid\u0151ben az apr\u00f3 hib\u00e1kt\u00f3l eltekintve szinte t\u00f6k\u00e9letesen futballozott a csapat, olyan szinten voltunk motiv\u00e1ltak \u00e9s kerekedt\u00fcnk ellenfel\u00fcnk f\u00f6l\u00e9 mind akaratban mind pedig j\u00e1t\u00e9kban, hogy a h\u00e1romg\u00f3los el\u0151ny\u00fcnk teljesen meg\u00e9rdemelt volt. A m\u00e1sodik f\u00e9lid\u0151re sajnos visszaesett a teljes\u00edtm\u00e9ny\u00fcnk, amire annyira nem sz\u00e1m\u00edtottam, ennek k\u00e9t ok\u00e1t l\u00e1ttam: a kapu el\u0151tti koncentr\u00e1ci\u00f3nk al\u00e1bbhagyott illetve a cser\u00e9ink nem v\u00e1ltott\u00e1k be a hozz\u00e1juk f\u0171z\u00f6tt rem\u00e9nyeket. Ezekb\u0151l nekem \u00e9s a j\u00e1t\u00e9kosoknak is tanulnunk kell! B\u00e1r a helyzeteink megvoltak, a m\u00e1r eml\u00edtett koncentr\u00e1ci\u00f3 hi\u00e1nya ok\u00e1n azokat nem siker\u00fclt \u00e9rt\u00e9kes\u00edten\u00fcnk. \u00d6sszess\u00e9g\u00e9ben egy nagyon j\u00f3 meccset j\u00e1tszottunk, ahol siker\u00fcnk meg\u00e9rdemelt, gratul\u00e1lok a csapatnak mert egy rendk\u00edv\u00fcl j\u00f3l futballoz\u00f3 ellenfelet\u00a0tudtak k\u00e9t v\u00e1llra fektetni.<\/p>\n<p><strong>J\u00f3k:<\/strong> Gy\u0151ri Barnab\u00e1s, Papp \u00c1d\u00e1m, T\u00f3th M\u00e1rton, Torda Bence<\/p>\n<p><a id=\"set-post-thumbnail\" class=\"thickbox\" href=\"http:\/\/csepelfc.hu\/wp-admin\/media-upload.php?post_id=2486&amp;type=image&amp;TB_iframe=1\" aria-describedby=\"set-post-thumbnail-desc\"><img loading=\"lazy\" class=\"attachment-266x266 \" src=\"http:\/\/csepelfc.hu\/wp-content\/uploads\/2018\/04\/CsepelU17-F\u0151nixGold.jpg\" sizes=\"(max-width: 255px) 100vw, 255px\" alt=\"\" width=\"843\" height=\"879\" \/><\/a><\/p>\n<p><strong>Pop Rich\u00e1rd:<\/strong> &#8211; Sajnos a meccs elej\u00e9n kapott g\u00f3l az eg\u00e9sz f\u00e9lid\u0151re r\u00e1nyomta a b\u00e9lyeg\u00e9t. Ellenfel\u00fcnk hi\u00e1ba volt mez\u0151nyben jobb n\u00e1lunk, g\u00f3ljaikat pontr\u00fag\u00e1sb\u00f3l szerezt\u00e9k meg. Siker\u00fck azonban \u00edgy is meg\u00e9rdemelt, ez\u00fattal jobban j\u00e1tszottak n\u00e1lunk. Nagyon nehezen alkalmazkodtunk a cs\u00fasz\u00f3s, m\u0171f\u00fcves talajhoz, pontatlanul j\u00e1tszottunk, minek k\u00f6vetkezt\u00e9ben az el\u0151re- j\u00e1t\u00e9kunk akadozott. Fejl\u0151dn\u00fcnk kell a visszat\u00e1mad\u00e1sban, az el\u0151re- v\u00e9dekez\u00e9sben, az agresszivit\u00e1sban, a labdaszerz\u00e9sekben egyar\u00e1nt. L\u00e1thattunk egy-egy j\u00f3 p\u00e9ld\u00e1t ellenfel\u00fcnkt\u0151l, j\u00e1t\u00e9kuk bizonyos r\u00e9szeiben lehetett tanulni t\u0151l\u00fck. Nem szomorkodunk, nagy baj nincs, ett\u0151l f\u00fcggetlen\u00fcl m\u00e1r nincs sz\u00e9gyenkezni val\u00f3 a bajnoki szerepl\u00e9s\u00fcnket illet\u0151en. Megy\u00fcnk tov\u00e1bb, az \u00f6sszes h\u00e1tra l\u00e9v\u0151 meccs\u00fcnket szeretn\u00e9nk megnyerni a dobog\u00f3s helyez\u00e9s el\u00e9r\u00e9s\u00e9hez!<\/p>\n<p><strong>J\u00f3k:<\/strong> Horv\u00e1th \u00c1kos<\/p>\n<p><a id=\"set-post-thumbnail\" class=\"thickbox\" href=\"http:\/\/csepelfc.hu\/wp-admin\/media-upload.php?post_id=2486&amp;type=image&amp;TB_iframe=1\" aria-describedby=\"set-post-thumbnail-desc\"><img loading=\"lazy\" class=\"attachment-266x266 \" src=\"http:\/\/csepelfc.hu\/wp-content\/uploads\/2018\/04\/CsepelBLSZU17-Budat\u00e9t\u00e9ny.jpg\" sizes=\"(max-width: 227px) 100vw, 227px\" alt=\"\" width=\"837\" height=\"981\" \/><\/a><\/p>\n<p><strong>Pop Rich\u00e1rd:<\/strong> &#8211; Egy kifejezetten motiv\u00e1ltan p\u00e1ly\u00e1ra l\u00e9p\u0151 csapat ellen siker\u00fclt nyerni, a p\u00e1lya m\u00e9retei a hazaiak j\u00e1t\u00e9kst\u00edlus\u00e1nak kedveztek, massz\u00edvan be\u00e1lltak v\u00e9dekezni ellen\u00fcnk. Ennek ellen\u00e9re mindj\u00e1rt a meccs elej\u00e9n egy nagy hib\u00e1nkat kihaszn\u00e1lva \u0151k jutottak vezet\u00e9shez. J\u00e1t\u00e9kosaim nem estek k\u00e9ts\u00e9gbe, folyamatosan j\u00e1ratt\u00e1k a labd\u00e1t, forgatt\u00e1k a j\u00e1t\u00e9kot, az \u00faj, begyakorolt sziszt\u00e9m\u00e1t igyekeztek v\u00e9grehajtani a sr\u00e1cok. Ennek k\u00f6sz\u00f6nhet\u0151en siker\u00fclt megbontani az ellenf\u00e9l v\u00e9delm\u00e9t \u00e9s a f\u00e9lid\u0151 v\u00e9g\u00e9n\u00a0m\u00e1r k\u00e9tg\u00f3los el\u0151nnyel mehett\u00fcnk pihenni. Hozz\u00e1teszem, hogy amennyiben pontosabbak vagyunk ez a k\u00fcl\u00f6nbs\u00e9g nagyobb is lehetett volna&#8230; A m\u00e1sodik j\u00e1t\u00e9kr\u00e9sz bizony hagyott maga ut\u00e1n k\u00edv\u00e1nnival\u00f3t: v\u00e1ltoztattam a csapaton j\u00f3 n\u00e9h\u00e1ny helyen \u00e9s voltak olyan teljes\u00edtm\u00e9nyek, amelyek kifejezetten gyeng\u00e9re min\u0151s\u00edthet\u0151k. Volt gond a visszat\u00e1mad\u00e1ssal, az agresszivit\u00e1ssal, a visszaz\u00e1r\u00e1ssal \u00e9s m\u00e9g sorolhatn\u00e1m&#8230; Az az\u00e9rt el\u00e9gg\u00e9 elgondolkodtat\u00f3, hogy egyeseket a m\u00e9rk\u0151z\u00e9s els\u0151 perc\u00e9t\u0151l kezdve az utols\u00f3ig\u00a0ir\u00e1ny\u00edtani kell, mert nem tudj\u00e1k hol a hely\u00fck a p\u00e1ly\u00e1n! Ennek ellent\u00e9telez\u00e9sek\u00e9nt viszont gy\u00f6ny\u00f6r\u0171 g\u00f3lokat szerezt\u00fcnk, \u00f6sszess\u00e9g\u00e9ben\u00a0teh\u00e1t van hi\u00e1ny\u00e9rzetem, egy k\u00f6zepes er\u0151ss\u00e9g\u0171 ellenf\u00e9llel szemben magabiztos ugyan a gy\u0151zelm\u00fcnk de ezzel nem lehet\u00fcnk el\u00e9gedettek!<\/p>\n<p><strong>J\u00f3k:<\/strong> Horv\u00e1th \u00c1kos, Lipl Noel, Sz\u0171cs Krist\u00f3f, Gladkov Zolt\u00e1n, Mondok Rich\u00e1rd, D\u00f6br\u00f6cz\u00f6ni Csaba, Hegyes M\u00e1rton<\/p>\n<p><a id=\"set-post-thumbnail\" class=\"thickbox\" href=\"http:\/\/csepelfc.hu\/wp-admin\/media-upload.php?post_id=2486&amp;type=image&amp;TB_iframe=1\" aria-describedby=\"set-post-thumbnail-desc\"><img loading=\"lazy\" class=\"attachment-266x266 \" src=\"http:\/\/csepelfc.hu\/wp-content\/uploads\/2018\/04\/Csepel-BLSZU19-M\u0171egyetem-FC.jpg\" sizes=\"(max-width: 266px) 100vw, 266px\" alt=\"\" width=\"833\" height=\"648\" \/><\/a><\/p>\n<p><strong>Kincses B\u00e9la:<\/strong> &#8211; Az eredm\u00e9ny, b\u00e1r sz\u00e1munkra h\u00edzelg\u0151 mindent elmond mag\u00e1\u00e9rt. Nem tudni mi \u00e9rtelme van az ilyen k\u00e9pess\u00e9g\u0171 csapatok szerepeltet\u00e9s\u00e9nek a bajnoks\u00e1gban&#8230; R\u00e1ad\u00e1sul ellenfel\u00fcnk j\u00e1t\u00e9kosai (\u00e9s szurkol\u00f3i) k\u00f6z\u00fcl -tisztelet a kiv\u00e9telnek- n\u00e9h\u00e1nyan nehezen viselik az ilyen ar\u00e1ny\u00fa zak\u00f3t. Csak a szerencs\u00e9nek k\u00f6sz\u00f6nhet\u0151, hogy az ellenf\u00e9lt\u0151l teljesen jogosan ki\u00e1ll\u00edtott\u00a0sr\u00e1c (labdar\u00fag\u00f3nak nem nevezn\u00e9m)\u00a0nem okozott komolyabb s\u00e9r\u00fcl\u00e9st Borza Benc\u00e9nek. A j\u00e1t\u00e9kr\u00f3l csak annyit: siker\u00fclt komolyan venni a meccset \u00e9s a lehet\u0151 legt\u00f6bb helyzetet g\u00f3lra v\u00e1ltani,(ebb\u0151l kapusunk kett\u0151t v\u00e1llalt)\u00a0b\u00e1r igaz, ami igaz, r\u00faghattunk volna enn\u00e9l t\u00f6bbet is. \u00d6r\u00f6m, hogy ezzel a Csepel FC\u00a0szerezte a legt\u00f6bb g\u00f3lt (sz\u00e1m szerint 126-ot!)\u00a0a bajnoks\u00e1g alapszakasz\u00e1ban, \u00edgy bizakodva v\u00e1rjuk a fels\u0151h\u00e1zi r\u00e1j\u00e1tsz\u00e1st is.<\/p>\n<p><strong>J\u00f3k:<\/strong> az eg\u00e9sz csapat<\/p>\n<p><a id=\"set-post-thumbnail\" class=\"thickbox\" href=\"http:\/\/csepelfc.hu\/wp-admin\/media-upload.php?post_id=2486&amp;type=image&amp;TB_iframe=1\" aria-describedby=\"set-post-thumbnail-desc\"><img loading=\"lazy\" class=\"attachment-266x266 \" src=\"http:\/\/csepelfc.hu\/wp-content\/uploads\/2018\/04\/CsepelU14-KISE.jpg\" sizes=\"(max-width: 266px) 100vw, 266px\" alt=\"\" width=\"831\" height=\"784\" \/><\/a><\/p>\n<p><strong>Elekes Zsolt:<\/strong> &#8211; Olykor igazs\u00e1gtalan a futball! V\u00e9gig uraltuk a m\u00e9rk\u0151z\u00e9st, minden az eltervezetteknek megfelel\u0151en zajlott eg\u00e9szen a 80. percig, amikor egy pici hib\u00e1t ellenfel\u00fcnk g\u00f3llal b\u00fcntetett.\u00a0 Sajnos hi\u00e1ba r\u00fagtunk\u00a0 k\u00e9t kapuf\u00e1t, hi\u00e1ba \u00e1lltunk n\u00e9gyszer is a kapussal szemben, mindez ma nem volt el\u00e9g!<\/p>\n<p><a id=\"set-post-thumbnail\" class=\"thickbox\" href=\"http:\/\/csepelfc.hu\/wp-admin\/media-upload.php?post_id=2486&amp;type=image&amp;TB_iframe=1\" aria-describedby=\"set-post-thumbnail-desc\"><img loading=\"lazy\" class=\"attachment-266x266 \" src=\"http:\/\/csepelfc.hu\/wp-content\/uploads\/2018\/04\/CsepelU15-KISE.jpg\" sizes=\"(max-width: 245px) 100vw, 245px\" alt=\"\" width=\"829\" height=\"900\" \/><\/a><\/p>\n<p><strong>Elekes Zsolt:<\/strong> &#8211; Ebben a meccsben is sokkal t\u00f6bb volt&#8230; Az els\u0151 f\u00e9lid\u0151ben h\u00e1rom ziccer\u00fcnk volt, azt\u00e1n teljesen \u00e9rthetetlen m\u00f3don kaptunk 3 g\u00f3lt 10 perc alatt \u00e9s megint futhattunk az eredm\u00e9ny ut\u00e1n! J\u00f3 lesz ha ism\u00e9t elkezd\u00fcnk cs\u00faszni &#8211; m\u00e1szni, mert a kor\u00e1bbi tapasztalatokb\u00f3l kiindulva nek\u00fcnk csak akkor lesz es\u00e9ly\u00fcnk!<\/p>\n<p>&nbsp;<\/p>\n","protected":false},"excerpt":{"rendered":"<div class=\"mh-excerpt\"><p>Klubunk igen fontos &#8220;h\u00e1torsz\u00e1ga&#8221; az ut\u00e1np\u00f3tl\u00e1s is megk\u00fczd\u00f6tt az id\u0151j\u00e1r\u00e1ssal \u00e9s a p\u00e1lyaviszonyokkal az el\u0151z\u0151 fordul\u00f3ban, de a l\u00e1nyok kiv\u00e9tel\u00e9vel mindegyik p\u00e1ly\u00e1ra l\u00e9pett, ez\u00fattal t\u00f6bb-kevesebb sikerrel. Nagyszer\u0171\u00a0gy\u0151zelmet aratott riv\u00e1lisa a <a class=\"mh-excerpt-more\" href=\"http:\/\/csepelfc.hu\/index.php\/2018\/04\/05\/up-fontos-gyozelmek-nem-vart-veresegek-forduloja\/\" title=\"UP: fontos gy\u0151zelmek, nem v\u00e1rt veres\u00e9gek fordul\u00f3ja\">[tov\u00e1bb&#8230;]<\/a><\/p>\n<\/div>","protected":false},"author":4,"featured_media":2505,"comment_status":"closed","ping_status":"open","sticky":false,"template":"","format":"standard","meta":{"jetpack_publicize_message":"","jetpack_is_tweetstorm":false,"jetpack_publicize_feature_enabled":true},"categories":[1,3],"tags":[],"jetpack_publicize_connections":[],"jetpack_featured_media_url":"http:\/\/csepelfc.hu\/wp-content\/uploads\/2018\/04\/sikeresgolszamok.jpg","jetpack_sharing_enabled":true,"jetpack_shortlink":"https:\/\/wp.me\/p83FEU-E6","_links":{"self":[{"href":"http:\/\/csepelfc.hu\/index.php\/wp-json\/wp\/v2\/posts\/2486"}],"collection":[{"href":"http:\/\/csepelfc.hu\/index.php\/wp-json\/wp\/v2\/posts"}],"about":[{"href":"http:\/\/csepelfc.hu\/index.php\/wp-json\/wp\/v2\/types\/post"}],"author":[{"embeddable":true,"href":"http:\/\/csepelfc.hu\/index.php\/wp-json\/wp\/v2\/users\/4"}],"replies":[{"embeddable":true,"href":"http:\/\/csepelfc.hu\/index.php\/wp-json\/wp\/v2\/comments?post=2486"}],"version-history":[{"count":15,"href":"http:\/\/csepelfc.hu\/index.php\/wp-json\/wp\/v2\/posts\/2486\/revisions"}],"predecessor-version":[{"id":2510,"href":"http:\/\/csepelfc.hu\/index.php\/wp-json\/wp\/v2\/posts\/2486\/revisions\/2510"}],"wp:featuredmedia":[{"embeddable":true,"href":"http:\/\/csepelfc.hu\/index.php\/wp-json\/wp\/v2\/media\/2505"}],"wp:attachment":[{"href":"http:\/\/csepelfc.hu\/index.php\/wp-json\/wp\/v2\/media?parent=2486"}],"wp:term":[{"taxonomy":"category","embeddable":true,"href":"http:\/\/csepelfc.hu\/index.php\/wp-json\/wp\/v2\/categories?post=2486"},{"taxonomy":"post_tag","embeddable":true,"href":"http:\/\/csepelfc.hu\/index.php\/wp-json\/wp\/v2\/tags?post=2486"}],"curies":[{"name":"wp","href":"https:\/\/api.w.org\/{rel}","templated":true}]}}