{"id":2429,"date":"2018-03-25T15:35:29","date_gmt":"2018-03-25T14:35:29","guid":{"rendered":"http:\/\/csepelfc.hu\/?p=2429"},"modified":"2018-03-26T08:48:22","modified_gmt":"2018-03-26T07:48:22","slug":"nb-ii-papan-vereseg-volt-baj-nincs","status":"publish","type":"post","link":"http:\/\/csepelfc.hu\/index.php\/2018\/03\/25\/nb-ii-papan-vereseg-volt-baj-nincs\/","title":{"rendered":"NB III: Veres\u00e9g P\u00e1p\u00e1n, baj azonban nincs!"},"content":{"rendered":"<p>Sajnos nem siker\u00fclt pontot szereznie csapatunknak\u00a0a kor\u00e1bbi NB I-es \u00e9s NB II-es labdar\u00fag\u00f3kkal telet\u0171zdelt P\u00e1pa otthon\u00e1ban, de sz\u00e9gyenkeznival\u00f3nk nem lehet a tal\u00e1lkoz\u00f3t illet\u0151en.<!--more--><\/p>\n<p>A hazaiak az egykoron a Halad\u00e1sban, Tatab\u00e1ny\u00e1n majd Ajk\u00e1n is futballoz\u00f3 Skriba M\u00e1t\u00e9 k\u00e9t g\u00f3lj\u00e1nak k\u00f6sz\u00f6nhet\u0151en 2:0-\u00e1s el\u0151nyre tettek szert az 54. percre, amin k\u00e9s\u0151bb Somodi \u00c1d\u00e1m tal\u00e1lat\u00e1val siker\u00fclt picit sz\u00e9p\u00edten\u00fcnk, de sajnos az egyenl\u00edt\u00e9s m\u00e1r nem j\u00f6tt \u00f6ssze. Egy\u00fcttes\u00fcnk \u00edgy tov\u00e1bbra is a 9. helyen \u00e1llom\u00e1sozva v\u00e1rhatja a k\u00f6vetkez\u0151 fordul\u00f3t. Edz\u0151i nyilatkozat hamarosan!<\/p>\n<p>A p\u00e1pama.hu besz\u00e1mol\u00f3ja a m\u00e9rk\u0151z\u00e9sr\u0151l:<\/p>\n<p>&#8220;N\u00e9gy gy\u0151zelem, \u00f6t veres\u00e9ges hazai mutat\u00f3j\u00e1n szeretett volna jav\u00edtani a Perutz FC az NB III-as labdar\u00fag\u00f3 bajnoks\u00e1g 20. fordul\u00f3j\u00e1nak szombati j\u00e1t\u00e9knapj\u00e1n. A Perutz stadionban ugyanis ezid\u00e1ig nem igaz\u00e1n tudta \u00e9rv\u00e9nyes\u00edteni a hazai p\u00e1lya el\u0151ny\u00e9t a s\u00e1rga-k\u00e9k csapat, a V\u00e1rkert \u00faton 12, idegenben 16 egys\u00e9get gy\u0171jt\u00f6ttek Szab\u00f3 Zsolt\u00e9k. R\u00e1 is f\u00e9rt volna a mieinkre a pontok itthon tart\u00e1sa, hiszen tavasszal m\u00e9g nem siker\u00fclt gy\u0151ztesen elhagyniuk a p\u00e1ly\u00e1t, k\u00e9t veres\u00e9ggel a h\u00e1ta m\u00f6g\u00f6tt a Perutz a S\u00e1nta &#8211; B\u00f6r\u00f6czky, Kozma, Nagy B., Bohner &#8211; Baldauf, Jurik, N\u00e9meth L., Hanzl, Skriba &#8211; Szab\u00f3 Zs. \u00f6ssze\u00e1ll\u00edt\u00e1sban kezdte a m\u00e9rk\u0151z\u00e9st. Negyed \u00f3ra alatt m\u00e1r k\u00e9t g\u00f3llal is vezethetett volna a hazai alakulat, azonban mindk\u00e9t \u00f3ri\u00e1si lehet\u0151s\u00e9g kimaradt, el\u0151bb Szab\u00f3 Zsolt tal\u00e1lta el a bal kapuf\u00e1t, majd N\u00e9meth centerez\u00e9s\u00e9t l\u0151tte k\u00e9t m\u00e9terr\u0151l f\u00f6l\u00e9 a t\u00e1mad\u00f3. A f\u00e9lid\u0151 derek\u00e1n N\u00e9meth ism\u00e9t j\u00f3l iramodott meg a jobb oldalon, majd k\u00f6z\u00e9pre t\u00e1lalt \u00e9s a hossz\u00fan \u00e9rkez\u0151 Skriba M\u00e1t\u00e9 kap\u00e1sb\u00f3l a jobb sarokba l\u0151tt, L\u0151rincz kapus nem \u00e9rt le a j\u00f3l helyezett l\u00f6v\u00e9sre 1-0. F\u00e9l \u00f3ra eltelt\u00e9vel alak\u00edtotta ki els\u0151 lehet\u0151s\u00e9g\u00e9t a vend\u00e9g csapat, ekkor Somodi vette a r\u00f6vid fels\u0151t c\u00e9lba, \u00e1m pr\u00f3b\u00e1lkoz\u00e1sa pontatlan volt, \u00edgy S\u00e1nt\u00e1nak nem kellett j\u00e1t\u00e9kba avatkoznia. A 42. percben nagyon k\u00f6zel \u00e1llt az egyenl\u00edt\u00e9shez a Csepel, Simon v\u00e9gezhetett el szabadr\u00fag\u00e1st a tizenhatos sark\u00e1r\u00f3l, bal fels\u0151be tart\u00f3 labd\u00e1j\u00e1ba a p\u00e1pai kapus azonban hatalmas brav\u00farral m\u00e9g bele tudott \u00e9rni, mely ut\u00e1n a v\u00e9d\u0151k felszabad\u00edtottak, az els\u0151 45 percben t\u00f6bb helyzet pedig nem alakult ki. A tal\u00e1lkoz\u00f3 sz\u00fcnet\u00e9ben a P\u00e1pai Egyes\u00edtett Labdar\u00fag\u00f3 Club \u00e1tadta a H\u00f3nap j\u00e1t\u00e9kosa elismer\u00e9st, melyet K\u00f6v\u00e9r L\u00e1szl\u00f3, az Orsz\u00e1ggy\u0171l\u00e9s eln\u00f6ke Erd\u0151si Mil\u00e1nnak, az U13-as csapat j\u00e1t\u00e9kos\u00e1nak ny\u00fajtott \u00e1t. A m\u00e1sodik f\u00e9lid\u0151 els\u0151 eml\u00edt\u00e9sre m\u00e9lt\u00f3 esem\u00e9nye mindj\u00e1rt egy Perutz g\u00f3l volt, az 55. percben egy rosszul elv\u00e9gzett sz\u00f6glet ut\u00e1n Baldauf el\u00e9 ker\u00fclt a labda, aki k\u00f6z\u00e9pre \u00edvelt, a kimozdul\u00f3 L\u0151rincz kapust pedig megzavart\u00e1k v\u00e9d\u0151i, \u00edgy Skriba senkit\u0151l sem zavartatva bels\u0151zhetett a kapuba 2-0. A m\u00e1sodik g\u00f3l ut\u00e1n tal\u00e1n m\u00e1r elk\u00f6nyvelte a gy\u0151zelmet a P\u00e1pa, amikor is sz\u00e9p\u00edtett a Csepel, egy labdaveszt\u00e9s ut\u00e1ni visszat\u00e1mad\u00e1sb\u00f3l Somodi el\u00e9 ker\u00fclt a labda, aki okosan kil\u0151tte a bal fels\u0151t 2-1. \u00dajra ny\u00edlt volt a meccs, r\u00e1ad\u00e1sul Hanzl M\u00e1t\u00e9t n\u00e9gy perccel k\u00e9s\u0151bb le kellett cser\u00e9lni, a k\u00f6z\u00e9pp\u00e1ly\u00e1s hord\u00e1gyon hagyta el a j\u00e1t\u00e9kteret \u00e9s t\u00e9rds\u00e9r\u00fcl\u00e9s miatt k\u00f3rh\u00e1zba is sz\u00e1ll\u00edtott\u00e1k tov\u00e1bbi vizsg\u00e1latokra. A h\u00e1tral\u00e9v\u0151 negyed \u00f3r\u00e1ban meg tudta \u0151rizni egyg\u00f3los el\u0151ny\u00e9t a p\u00e1pai egy\u00fcttes, mely ugyan nem j\u00e1tszott ma sem j\u00f3l, de legal\u00e1bb els\u0151 tavaszi gy\u0151zelm\u00e9t el tudta k\u00f6nyvelni. &#8221;<\/p>\n<p>Forr\u00e1s: papama.hu<\/p>\n<p><strong>P\u00e1pai Perutz FC &#8211; Csepel FC\u00a02-1 (1-0)<\/strong><\/p>\n<p>G.: Skriba 2 ill. Somodi<\/p>\n<p><strong>P\u00e1pai Perutz FC:<\/strong> S\u00e1nta &#8211; B\u00f6r\u00f6czky, Kozma, Nagy B., Bohner &#8211; Baldauf (Horv\u00e1th 86), Jurik N\u00e9meth L., Hanzl (Koncsag 80), Skiba &#8211; Szab\u00f3 Zs. (Moln\u00e1r 94)<\/p>\n<p><strong>Csepel FC:<\/strong> L\u0151rincz &#8211; Rakic (Tepl\u00e1n 27), Haraszk\u00f3, Hesz, Marczinka (T\u00f3th 58) &#8211; Simon, Fisli, Szab\u00f3, Somodi &#8211; N\u00e9meth, Korozm\u00e1n (V\u00f6r\u00f6s 68)<\/p>\n","protected":false},"excerpt":{"rendered":"<div class=\"mh-excerpt\"><p>Sajnos nem siker\u00fclt pontot szereznie csapatunknak\u00a0a kor\u00e1bbi NB I-es \u00e9s NB II-es labdar\u00fag\u00f3kkal telet\u0171zdelt P\u00e1pa otthon\u00e1ban, de sz\u00e9gyenkeznival\u00f3nk nem lehet a tal\u00e1lkoz\u00f3t illet\u0151en.<\/p>\n<\/div>","protected":false},"author":4,"featured_media":2430,"comment_status":"closed","ping_status":"open","sticky":false,"template":"","format":"standard","meta":{"jetpack_publicize_message":"","jetpack_is_tweetstorm":false,"jetpack_publicize_feature_enabled":true},"categories":[1,7],"tags":[],"jetpack_publicize_connections":[],"jetpack_featured_media_url":"http:\/\/csepelfc.hu\/wp-content\/uploads\/2018\/03\/papa-Csepel.jpg","jetpack_sharing_enabled":true,"jetpack_shortlink":"https:\/\/wp.me\/p83FEU-Db","_links":{"self":[{"href":"http:\/\/csepelfc.hu\/index.php\/wp-json\/wp\/v2\/posts\/2429"}],"collection":[{"href":"http:\/\/csepelfc.hu\/index.php\/wp-json\/wp\/v2\/posts"}],"about":[{"href":"http:\/\/csepelfc.hu\/index.php\/wp-json\/wp\/v2\/types\/post"}],"author":[{"embeddable":true,"href":"http:\/\/csepelfc.hu\/index.php\/wp-json\/wp\/v2\/users\/4"}],"replies":[{"embeddable":true,"href":"http:\/\/csepelfc.hu\/index.php\/wp-json\/wp\/v2\/comments?post=2429"}],"version-history":[{"count":3,"href":"http:\/\/csepelfc.hu\/index.php\/wp-json\/wp\/v2\/posts\/2429\/revisions"}],"predecessor-version":[{"id":2434,"href":"http:\/\/csepelfc.hu\/index.php\/wp-json\/wp\/v2\/posts\/2429\/revisions\/2434"}],"wp:featuredmedia":[{"embeddable":true,"href":"http:\/\/csepelfc.hu\/index.php\/wp-json\/wp\/v2\/media\/2430"}],"wp:attachment":[{"href":"http:\/\/csepelfc.hu\/index.php\/wp-json\/wp\/v2\/media?parent=2429"}],"wp:term":[{"taxonomy":"category","embeddable":true,"href":"http:\/\/csepelfc.hu\/index.php\/wp-json\/wp\/v2\/categories?post=2429"},{"taxonomy":"post_tag","embeddable":true,"href":"http:\/\/csepelfc.hu\/index.php\/wp-json\/wp\/v2\/tags?post=2429"}],"curies":[{"name":"wp","href":"https:\/\/api.w.org\/{rel}","templated":true}]}}