{"id":2401,"date":"2018-03-20T21:02:24","date_gmt":"2018-03-20T20:02:24","guid":{"rendered":"http:\/\/csepelfc.hu\/?p=2401"},"modified":"2018-03-20T21:02:24","modified_gmt":"2018-03-20T20:02:24","slug":"up-bronzerem-a-tavaszvaro-kuparol","status":"publish","type":"post","link":"http:\/\/csepelfc.hu\/index.php\/2018\/03\/20\/up-bronzerem-a-tavaszvaro-kuparol\/","title":{"rendered":"UP: bronz\u00e9rem a Tavaszv\u00e1r\u00f3 Kup\u00e1r\u00f3l!"},"content":{"rendered":"<p>A Csepel FC ut\u00e1np\u00f3tl\u00e1s\u00e1nak legifjabb tagjai nem t\u00e9tlen\u00fcl, hanem labdar\u00fag\u00e1ssal v\u00e1rt\u00e1k a tavaszt m\u00e9gpedig Ercsiben, ahol alaposan kitettek maguk\u00e9rt, \u00e9s v\u00e9g\u00fcl bornz\u00e9rem lett a jutalmuk.<!--more-->A torn\u00e1n Kincses \u00c1d\u00e1m \u00e9s Szab\u00f3 Zolt\u00e1n vezett\u00e9k egy\u00fcttes\u00fcnket, \u00edgy az oldalvonal mell\u0151l igaz\u00e1n szakszer\u0171 utas\u00edt\u00e1sokat hajthattak v\u00e9gre labdar\u00fag\u00f3pal\u00e1nt\u00e1ink.<\/p>\n<p><strong>Kincses \u00c1d\u00e1m ut\u00e1np\u00f3tl\u00e1s vezet\u0151:<\/strong> &#8211;\u00a0Nemzeti \u00fcnnep\u00fcnk\u00f6n, m\u00e1rcius 15-\u00e9n vett\u00fcnk r\u00e9szt Ercsiben a Tavaszv\u00e1r\u00f3 Kup\u00e1n, ahol \u00a0\u00f6sszesen 7 egy\u00fcttes m\u00e9rte \u00f6ssze tud\u00e1s\u00e1t, mi a 2008-as koroszt\u00e1lyunkkal \u00e1lltunk rajthoz. Kiegyens\u00falyozott, remek hangulat\u00fa esem\u00e9ny volt, ahol\u00a0javar\u00e9szt szoros m\u00e9rk\u0151z\u00e9seket j\u00e1tszottunk \u00e9s szerezt\u00fck meg v\u00e9g\u00fcl a bronz\u00e9rmet.\u00a0 J\u00f3magam \u00e9s Szab\u00f3 Zolt\u00e1n koll\u00e9g\u00e1m is \u00f6r\u00f6mmel konstat\u00e1ltuk, hogy az \u00f6n\u00e1ll\u00f3an els\u0151 \u00edzben elind\u00edtott 2008-as egy\u00fcttes\u00fcnk remek\u00fcl helyt\u00e1llt \u00e9s minden rem\u00e9ny\u00fcnk megvan a j\u00f3 folytat\u00e1sra is.<\/p>\n<p>Eredm\u00e9nyek:<\/p>\n<p>BKSC &#8211; <strong>Csepel FC\u00a0<\/strong>0:1<br \/>\n<strong>Csepel FC<\/strong>\u00a0&#8211; \u00dajpest 2:0<br \/>\nBicskei FC &#8211; <strong>Csepel FC\u00a0<\/strong>0:2<br \/>\n<strong>Csepel FC<\/strong>\u00a0&#8211; Grund. 2:2<br \/>\n<strong>Csepel FC<\/strong> &#8211; Ercsi 0:3<br \/>\n<strong>Csepel FC<\/strong>\u00a0&#8211; Gy\u00f6ngy\u00f6s 0:3<\/p>\n","protected":false},"excerpt":{"rendered":"<div class=\"mh-excerpt\"><p>A Csepel FC ut\u00e1np\u00f3tl\u00e1s\u00e1nak legifjabb tagjai nem t\u00e9tlen\u00fcl, hanem labdar\u00fag\u00e1ssal v\u00e1rt\u00e1k a tavaszt m\u00e9gpedig Ercsiben, ahol alaposan kitettek maguk\u00e9rt, \u00e9s v\u00e9g\u00fcl bornz\u00e9rem lett a jutalmuk.<\/p>\n<\/div>","protected":false},"author":4,"featured_media":2404,"comment_status":"closed","ping_status":"open","sticky":false,"template":"","format":"standard","meta":{"jetpack_publicize_message":"","jetpack_is_tweetstorm":false,"jetpack_publicize_feature_enabled":true},"categories":[1,7],"tags":[],"jetpack_publicize_connections":[],"jetpack_featured_media_url":"http:\/\/csepelfc.hu\/wp-content\/uploads\/2018\/03\/Tavaszv\u00e1r\u00f3-KupaU8.jpg","jetpack_sharing_enabled":true,"jetpack_shortlink":"https:\/\/wp.me\/p83FEU-CJ","_links":{"self":[{"href":"http:\/\/csepelfc.hu\/index.php\/wp-json\/wp\/v2\/posts\/2401"}],"collection":[{"href":"http:\/\/csepelfc.hu\/index.php\/wp-json\/wp\/v2\/posts"}],"about":[{"href":"http:\/\/csepelfc.hu\/index.php\/wp-json\/wp\/v2\/types\/post"}],"author":[{"embeddable":true,"href":"http:\/\/csepelfc.hu\/index.php\/wp-json\/wp\/v2\/users\/4"}],"replies":[{"embeddable":true,"href":"http:\/\/csepelfc.hu\/index.php\/wp-json\/wp\/v2\/comments?post=2401"}],"version-history":[{"count":3,"href":"http:\/\/csepelfc.hu\/index.php\/wp-json\/wp\/v2\/posts\/2401\/revisions"}],"predecessor-version":[{"id":2405,"href":"http:\/\/csepelfc.hu\/index.php\/wp-json\/wp\/v2\/posts\/2401\/revisions\/2405"}],"wp:featuredmedia":[{"embeddable":true,"href":"http:\/\/csepelfc.hu\/index.php\/wp-json\/wp\/v2\/media\/2404"}],"wp:attachment":[{"href":"http:\/\/csepelfc.hu\/index.php\/wp-json\/wp\/v2\/media?parent=2401"}],"wp:term":[{"taxonomy":"category","embeddable":true,"href":"http:\/\/csepelfc.hu\/index.php\/wp-json\/wp\/v2\/categories?post=2401"},{"taxonomy":"post_tag","embeddable":true,"href":"http:\/\/csepelfc.hu\/index.php\/wp-json\/wp\/v2\/tags?post=2401"}],"curies":[{"name":"wp","href":"https:\/\/api.w.org\/{rel}","templated":true}]}}