{"id":2304,"date":"2018-03-09T13:48:13","date_gmt":"2018-03-09T12:48:13","guid":{"rendered":"http:\/\/csepelfc.hu\/?p=2304"},"modified":"2018-03-09T13:51:15","modified_gmt":"2018-03-09T12:51:15","slug":"up-megkezdtuk-a-tavaszi-szezont","status":"publish","type":"post","link":"http:\/\/csepelfc.hu\/index.php\/2018\/03\/09\/up-megkezdtuk-a-tavaszi-szezont\/","title":{"rendered":"UP: megkezdt\u00fck a tavaszi szezont"},"content":{"rendered":"<p>B\u00e1r az id\u0151j\u00e1r\u00e1s a Csepel FC feln\u0151tt csapat\u00e1nak els\u0151 bajnoki mecs\u00e9t &#8220;ellkasz\u00e1lta&#8221;, ut\u00e1np\u00f3tl\u00e1s csapataink k\u00f6z\u00fcl\u00a0h\u00e1rom is meg tudta kezdeni a bajnoki m\u00e9rk\u0151z\u00e9sek sor\u00e1t. A m\u00e9rleg:\u00a0k\u00e9t siker \u00e9s\u00a0egy veres\u00e9g.<!--more-->Az MLSZ Serd\u00fcl\u0151 II. oszt\u00e1ly K\u00f6z\u00e9p B csoportj\u00e1ban szerepl\u0151 U14 \u00e9s U15-\u00f6s egy\u00fcttes\u00fcnk Szigetszentmikl\u00f3son a m\u0171f\u00fcves p\u00e1ly\u00e1n fogadta a R\u00e1kosmenti KSK hasonl\u00f3 koroszt\u00e1ly\u00fa csapatait, m\u00edg a BLSZ-ben szerepl\u0151 Ifj\u00fas\u00e1gi U19 -es egy\u00fcttes\u00fcnk\u00a0Budat\u00e9t\u00e9nyben fogadta a MUN SE csapat\u00e1t \u00e9s aratott megsemmis\u00edt\u0151, 10:1 ar\u00e1ny\u00fa gy\u0151zelmet.<\/p>\n<p><a id=\"set-post-thumbnail\" class=\"thickbox\" href=\"http:\/\/csepelfc.hu\/wp-admin\/media-upload.php?post_id=2304&amp;type=image&amp;TB_iframe=1\" aria-describedby=\"set-post-thumbnail-desc\"><img loading=\"lazy\" class=\"attachment-266x266 \" src=\"http:\/\/csepelfc.hu\/wp-content\/uploads\/2018\/03\/Csepel-MUNSE.jpg\" sizes=\"(max-width: 212px) 100vw, 212px\" alt=\"\" width=\"678\" height=\"854\" \/><\/a><\/p>\n<p><strong>Kincses B\u00e9la: &#8211;<\/strong> Gyakorlatilag az utols\u00f3 pillanatig k\u00e9ts\u00e9ges volt az, hogy lej\u00e1tszhatjuk-e a tal\u00e1lkoz\u00f3t. Ellenfel\u00fcnk azonban olyan ir\u00e1ny\u00fa lelkesed\u00e9st mutatott a j\u00e1t\u00e9kra, hogy mire oda\u00e9rt\u00fcnk letolt\u00e1k a havat a p\u00e1ly\u00e1r\u00f3l, ami\u00e9rt minden elismer\u00e9s megilleti \u0151ket. Szerencs\u00e9re a futball nem ment olyan j\u00f3l nekik, m\u00e1r az elej\u00e9t\u0151l fogva csak az volt k\u00e9rd\u00e9ses, hogy mikor szerezz\u00fck meg az els\u0151 tal\u00e1latot, ami a 3. percben be is k\u00f6vetkezett. Ezt k\u00f6vet\u0151en sorozatban \u00e9rt\u00fck el a tal\u00e1latokat, a v\u00e9geredm\u00e9ny nem is t\u00fckr\u00f6zi h\u0171en a p\u00e1ly\u00e1n l\u00e1tottakat. J\u00f3 \u00e9rz\u00e9ssel t\u00f6lt\u00f6tt el, hogy l\u00e1ttam sokat megval\u00f3sulni a meccs el\u0151tt eltervezett dolgokb\u00f3l, j\u00f3l haszn\u00e1ltuk ki az el\u0151ny\u00f6s poz\u00edci\u00f3inkat, v\u00e9delm\u00fck labdakihozatalai eg\u00e9szen j\u00f3l siker\u00fcltek, \u0151szint\u00e9n sz\u00f3lva ez\u00a0n\u00e9mileg meg is lepett engem. Sz\u00e9p t\u00e1mad\u00e1sokat alak\u00edtottunk ki, melyek befejez\u00e9s\u00e9re ugyancsak nem lehetett panasz, ellenfel\u00fcnk nem nagyon tal\u00e1lta az ellenszert\u00a0a j\u00e1t\u00e9kunkra.\u00a0\u00d6sszess\u00e9g\u00e9ben a\u00a0csapat v\u00e9grehajtotta, amit k\u00e9rtem t\u0151l\u00fck, \u00edgy nem lehetek el\u00e9gedetlen.<\/p>\n<p><strong>J\u00f3k:<\/strong> Banitz R\u00f3bert, Lipl Noel, Hegyes M\u00e1rton, Strum Gerg\u0151<\/p>\n<p><img loading=\"lazy\" src=\"http:\/\/csepelfc.hu\/wp-content\/uploads\/2018\/03\/Csepel-RKSKU15.jpg\" width=\"793\" height=\"770\" \/><\/p>\n<p><strong>Elekes Zsolt:<\/strong> &#8211; Ezen a szinten sem lehet sz\u00f6gletb\u0151l, \u00e9rint\u00e9s n\u00e9lk\u00fcl g\u00f3lt kapni! M\u00e1sf\u00e9l \u00e9ve alakulgat ez a koroszt\u00e1lyunk, egyre stabilabbak vagyunk, de ilyen el\u0151nyt senkinek sem szabad adni!Nem \u00e9rdemelt\u00fcnk veres\u00e9get, s\u0151t! Ennek ok\u00e1n m\u00e9g t\u00f6bbet kell dolgoznunk, hogy a munk\u00e1nk a k\u00e9s\u0151bbeikben pontokban is megmutatkozzon.<\/p>\n<p><strong>J\u00f3k:<\/strong> Varga, Palot\u00e1si<\/p>\n<p>&nbsp;<\/p>\n<p><a id=\"set-post-thumbnail\" class=\"thickbox\" href=\"http:\/\/csepelfc.hu\/wp-admin\/media-upload.php?post_id=2304&amp;type=image&amp;TB_iframe=1\" aria-describedby=\"set-post-thumbnail-desc\"><img loading=\"lazy\" class=\"attachment-266x266 \" src=\"http:\/\/csepelfc.hu\/wp-content\/uploads\/2018\/03\/Csepel-RKSK-U14.jpg\" sizes=\"(max-width: 266px) 100vw, 266px\" alt=\"\" width=\"1612\" height=\"907\" \/><\/a><\/p>\n<p>&nbsp;<\/p>\n<p><strong>Elekes Zsolt:<\/strong> -Remek\u00fcl kezdt\u00fcnk az idei els\u0151 bajnoki meccs\u00fcnk\u00f6n, hamar 2 g\u00f3los el\u0151nyre tett\u00fcnk szert. Ezt k\u00f6vet\u0151en le is z\u00e1rhattuk volna a tal\u00e1lkoz\u00f3 v\u00e9gkimenetel\u00e9t, \u00e1m ehelyett elhib\u00e1ztunk k\u00e9t hatalmas ziccert, amivel visszahoztuk ellenfel\u00fcnket a meccsbe&#8230; Csup\u00e1n k\u00fczd\u0151szellem\u00fcnknek \u00e9s csapategys\u00e9g\u00fcnknek\u00a0 k\u00f6sz\u00f6nhetj\u00fck, hogy v\u00e9g\u00fcl m\u00e9gis sikerrel vett\u00fck ezt az akad\u00e1lyt!R\u00f6g\u00f6s az \u00fat, de haladunk tov\u00e1bb!<\/p>\n<p><strong>J\u00f3k:<\/strong> P\u00e1sztor, Bakti, Orosz<\/p>\n<p>&nbsp;<\/p>\n","protected":false},"excerpt":{"rendered":"<div class=\"mh-excerpt\"><p>B\u00e1r az id\u0151j\u00e1r\u00e1s a Csepel FC feln\u0151tt csapat\u00e1nak els\u0151 bajnoki mecs\u00e9t &#8220;ellkasz\u00e1lta&#8221;, ut\u00e1np\u00f3tl\u00e1s csapataink k\u00f6z\u00fcl\u00a0h\u00e1rom is meg tudta kezdeni a bajnoki m\u00e9rk\u0151z\u00e9sek sor\u00e1t. A m\u00e9rleg:\u00a0k\u00e9t siker \u00e9s\u00a0egy veres\u00e9g.<\/p>\n<\/div>","protected":false},"author":4,"featured_media":2317,"comment_status":"closed","ping_status":"open","sticky":false,"template":"","format":"standard","meta":{"jetpack_publicize_message":"","jetpack_is_tweetstorm":false,"jetpack_publicize_feature_enabled":true},"categories":[1,3],"tags":[],"jetpack_publicize_connections":[],"jetpack_featured_media_url":"http:\/\/csepelfc.hu\/wp-content\/uploads\/2018\/03\/3bol2.jpg","jetpack_sharing_enabled":true,"jetpack_shortlink":"https:\/\/wp.me\/p83FEU-Ba","_links":{"self":[{"href":"http:\/\/csepelfc.hu\/index.php\/wp-json\/wp\/v2\/posts\/2304"}],"collection":[{"href":"http:\/\/csepelfc.hu\/index.php\/wp-json\/wp\/v2\/posts"}],"about":[{"href":"http:\/\/csepelfc.hu\/index.php\/wp-json\/wp\/v2\/types\/post"}],"author":[{"embeddable":true,"href":"http:\/\/csepelfc.hu\/index.php\/wp-json\/wp\/v2\/users\/4"}],"replies":[{"embeddable":true,"href":"http:\/\/csepelfc.hu\/index.php\/wp-json\/wp\/v2\/comments?post=2304"}],"version-history":[{"count":8,"href":"http:\/\/csepelfc.hu\/index.php\/wp-json\/wp\/v2\/posts\/2304\/revisions"}],"predecessor-version":[{"id":2320,"href":"http:\/\/csepelfc.hu\/index.php\/wp-json\/wp\/v2\/posts\/2304\/revisions\/2320"}],"wp:featuredmedia":[{"embeddable":true,"href":"http:\/\/csepelfc.hu\/index.php\/wp-json\/wp\/v2\/media\/2317"}],"wp:attachment":[{"href":"http:\/\/csepelfc.hu\/index.php\/wp-json\/wp\/v2\/media?parent=2304"}],"wp:term":[{"taxonomy":"category","embeddable":true,"href":"http:\/\/csepelfc.hu\/index.php\/wp-json\/wp\/v2\/categories?post=2304"},{"taxonomy":"post_tag","embeddable":true,"href":"http:\/\/csepelfc.hu\/index.php\/wp-json\/wp\/v2\/tags?post=2304"}],"curies":[{"name":"wp","href":"https:\/\/api.w.org\/{rel}","templated":true}]}}