{"id":2238,"date":"2018-02-18T19:44:49","date_gmt":"2018-02-18T18:44:49","guid":{"rendered":"http:\/\/csepelfc.hu\/?p=2238"},"modified":"2018-02-18T19:59:20","modified_gmt":"2018-02-18T18:59:20","slug":"siker-a-vecses-ellen-kialakult-a-tavaszi-keret","status":"publish","type":"post","link":"http:\/\/csepelfc.hu\/index.php\/2018\/02\/18\/siker-a-vecses-ellen-kialakult-a-tavaszi-keret\/","title":{"rendered":"Siker a Vecs\u00e9s ellen, v\u00e9gleges a tavaszi keret"},"content":{"rendered":"<p>Feln\u0151tt labdar\u00fag\u00f3ink vas\u00e1rnap d\u00e9lut\u00e1ni s\u00e9ta helyett edz\u0151m\u00e9rk\u0151z\u00e9sre voltak hivatalosak Pesterzs\u00e9betre, ahol ragyog\u00f3\u00a0 naps\u00fct\u00e9sben a harmadoszt\u00e1ly\u00fa kies\u00e9s ellen k\u00fczd\u0151 Vecs\u00e9st m\u00falt\u00e1k fel\u00fcl 2:1 ar\u00e1nyban.<!--more--><\/p>\n<p>Egy\u00fcttes\u00fcnk a Gy\u00f6ngy\u00f6s ellen sikerrel (3:1) megv\u00edvott edz\u0151m\u00e9rk\u0151z\u00e9st k\u00f6vet\u0151en vas\u00e1rnap 13 \u00f3r\u00e1t\u00f3l az NB III K\u00f6z\u00e9p csoportj\u00e1nak sereghajt\u00f3ja ellen l\u00e9pett p\u00e1ly\u00e1ra. Az \u0151szi szezonban m\u00e9g n\u00e1lunk j\u00e1tsz\u00f3 V\u00e1czi D\u00e1nielt is soriban tud\u00f3 Vecs\u00e9s megszerezte ugyan a vezet\u00e9st, \u00e1m a f\u00e9lid\u0151 lef\u00faj\u00e1sa el\u0151tt Korozm\u00e1n egyenl\u00edteni tudott. A m\u00e1sodik f\u00e9lid\u0151ben mindk\u00e9t csapat el\u0151tt ad\u00f3dott g\u00f3lszerz\u00e9si lehet\u0151s\u00e9g, de azzal csak mi tudtunk \u00e9lni: egy eladott labd\u00e1ra T\u00f3th M\u00e1rton csapott le \u00e9s \u00e9rt\u00e9kes\u00edtette a helyzetet, amivel siker\u00fclt a magunk jav\u00e1ra ford\u00edtani a tal\u00e1lkoz\u00f3t.<\/p>\n<p><strong>Gabala Kriszti\u00e1n szakmai vezet\u0151: <\/strong>&#8211; \u00d6r\u00fcl\u00f6k, hogy a t\u00e9li sz\u00fcnetben t\u00e1voz\u00f3 futballist\u00e1ink hely\u00e9t javar\u00e9szt saj\u00e1t nevel\u00e9s\u0171 fiatalokkal siker\u00fclt felt\u00f6lten\u00fcnk, akik k\u00f6z\u00fcl ezen a tal\u00e1lkoz\u00f3n nyolcan is szerephez jutottak. T\u00f6bbek k\u00f6zt Szab\u00f3 Viktor (1999), Horv\u00e1th \u00c1kos (2002) \u00e9s \u00c1rkocsevics Mil\u00e1n (1999) is p\u00e1ly\u00e1ra l\u00e9ptek, amivel tov\u00e1bbra is azt a kit\u0171z\u00f6tt c\u00e9lt k\u00edv\u00e1njuk megval\u00f3s\u00edtani, hogy min\u00e9l t\u00f6bb -lehet\u0151leg saj\u00e1t nevel\u00e9s\u0171- fiatalnak biztos\u00edtsunk j\u00e1t\u00e9klehet\u0151s\u00e9get a feln\u0151tt csapatn\u00e1l. Sajnos az edz\u0151m\u00e9rk\u0151z\u00e9seink sor\u00e1ban k\u00f6vetkez\u0151\u00a0 THSE- Szabadkik\u00f6t\u0151 az utols\u00f3 pillanatban lemondta a felk\u00e9sz\u00fcl\u00e9si tal\u00e1lkoz\u00f3nkat, nem\u00a0 kev\u00e9s bossz\u00fas\u00e1got okozva ezzel csapatunknak, de term\u00e9szetesen mindent megtesz\u00fcnk az\u00e9rt, hogy megfelel\u0151 m\u00f3don p\u00f3tolni tudjuk a kies\u0151 edz\u0151meccset \u00e9s folytathassuk a tavaszi szezonra t\u00f6rt\u00e9n\u0151 felk\u00e9sz\u00fcl\u00e9s\u00fcnket.<\/p>\n","protected":false},"excerpt":{"rendered":"<div class=\"mh-excerpt\"><p>Feln\u0151tt labdar\u00fag\u00f3ink vas\u00e1rnap d\u00e9lut\u00e1ni s\u00e9ta helyett edz\u0151m\u00e9rk\u0151z\u00e9sre voltak hivatalosak Pesterzs\u00e9betre, ahol ragyog\u00f3\u00a0 naps\u00fct\u00e9sben a harmadoszt\u00e1ly\u00fa kies\u00e9s ellen k\u00fczd\u0151 Vecs\u00e9st m\u00falt\u00e1k fel\u00fcl 2:1 ar\u00e1nyban.<\/p>\n<\/div>","protected":false},"author":4,"featured_media":2239,"comment_status":"closed","ping_status":"open","sticky":false,"template":"","format":"standard","meta":{"jetpack_publicize_message":"","jetpack_is_tweetstorm":false,"jetpack_publicize_feature_enabled":true},"categories":[1,7],"tags":[],"jetpack_publicize_connections":[],"jetpack_featured_media_url":"http:\/\/csepelfc.hu\/wp-content\/uploads\/2018\/02\/Csepel-Vecses-1.jpg","jetpack_sharing_enabled":true,"jetpack_shortlink":"https:\/\/wp.me\/p83FEU-A6","_links":{"self":[{"href":"http:\/\/csepelfc.hu\/index.php\/wp-json\/wp\/v2\/posts\/2238"}],"collection":[{"href":"http:\/\/csepelfc.hu\/index.php\/wp-json\/wp\/v2\/posts"}],"about":[{"href":"http:\/\/csepelfc.hu\/index.php\/wp-json\/wp\/v2\/types\/post"}],"author":[{"embeddable":true,"href":"http:\/\/csepelfc.hu\/index.php\/wp-json\/wp\/v2\/users\/4"}],"replies":[{"embeddable":true,"href":"http:\/\/csepelfc.hu\/index.php\/wp-json\/wp\/v2\/comments?post=2238"}],"version-history":[{"count":6,"href":"http:\/\/csepelfc.hu\/index.php\/wp-json\/wp\/v2\/posts\/2238\/revisions"}],"predecessor-version":[{"id":2245,"href":"http:\/\/csepelfc.hu\/index.php\/wp-json\/wp\/v2\/posts\/2238\/revisions\/2245"}],"wp:featuredmedia":[{"embeddable":true,"href":"http:\/\/csepelfc.hu\/index.php\/wp-json\/wp\/v2\/media\/2239"}],"wp:attachment":[{"href":"http:\/\/csepelfc.hu\/index.php\/wp-json\/wp\/v2\/media?parent=2238"}],"wp:term":[{"taxonomy":"category","embeddable":true,"href":"http:\/\/csepelfc.hu\/index.php\/wp-json\/wp\/v2\/categories?post=2238"},{"taxonomy":"post_tag","embeddable":true,"href":"http:\/\/csepelfc.hu\/index.php\/wp-json\/wp\/v2\/tags?post=2238"}],"curies":[{"name":"wp","href":"https:\/\/api.w.org\/{rel}","templated":true}]}}