{"id":2234,"date":"2018-02-17T18:24:55","date_gmt":"2018-02-17T17:24:55","guid":{"rendered":"http:\/\/csepelfc.hu\/?p=2234"},"modified":"2018-02-17T18:24:55","modified_gmt":"2018-02-17T17:24:55","slug":"felkeszules-a-gyongyos-utan-a-vecses-kovetkezik","status":"publish","type":"post","link":"http:\/\/csepelfc.hu\/index.php\/2018\/02\/17\/felkeszules-a-gyongyos-utan-a-vecses-kovetkezik\/","title":{"rendered":"Felk\u00e9sz\u00fcl\u00e9s: a Gy\u00f6ngy\u00f6s ut\u00e1n a Vecs\u00e9s k\u00f6vetkezik"},"content":{"rendered":"<p>Feln\u0151tt csapatunk az ugyancsak harmadoszt\u00e1ly\u00fa Gy\u00f6ngy\u00f6si AK elleni 3:1-es gy\u0151zelemmel folytatta felk\u00e9sz\u00fcl\u00e9si m\u00e9rk\u0151z\u00e9si sor\u00e1t.<!--more-->Az NB III Keleti csoportj\u00e1nak 13. helyezettje ellen a f\u00e9lid\u0151re 1:0-s el\u0151nyre tett\u00fcnk szert, ami a v\u00e9g\u00e9re 3:1-re m\u00f3dosult, g\u00f3ljainkat T\u00f3th Csaba, Korozm\u00e1n Norbert \u00e9s N\u00e9meth Zolt\u00e1n szerezt\u00e9k. Folytat\u00e1s vas\u00e1rnap a szint\u00e9n NB III-as Vecs\u00e9s ellen Pesterzs\u00e9beten a Zodony utc\u00e1ban 13 \u00f3r\u00e1t\u00f3l.<\/p>\n","protected":false},"excerpt":{"rendered":"<div class=\"mh-excerpt\"><p>Feln\u0151tt csapatunk az ugyancsak harmadoszt\u00e1ly\u00fa Gy\u00f6ngy\u00f6si AK elleni 3:1-es gy\u0151zelemmel folytatta felk\u00e9sz\u00fcl\u00e9si m\u00e9rk\u0151z\u00e9si sor\u00e1t.<\/p>\n<\/div>","protected":false},"author":4,"featured_media":2235,"comment_status":"closed","ping_status":"open","sticky":false,"template":"","format":"standard","meta":{"jetpack_publicize_message":"","jetpack_is_tweetstorm":false,"jetpack_publicize_feature_enabled":true},"categories":[1,7],"tags":[],"jetpack_publicize_connections":[],"jetpack_featured_media_url":"http:\/\/csepelfc.hu\/wp-content\/uploads\/2018\/02\/3-1.jpg","jetpack_sharing_enabled":true,"jetpack_shortlink":"https:\/\/wp.me\/p83FEU-A2","_links":{"self":[{"href":"http:\/\/csepelfc.hu\/index.php\/wp-json\/wp\/v2\/posts\/2234"}],"collection":[{"href":"http:\/\/csepelfc.hu\/index.php\/wp-json\/wp\/v2\/posts"}],"about":[{"href":"http:\/\/csepelfc.hu\/index.php\/wp-json\/wp\/v2\/types\/post"}],"author":[{"embeddable":true,"href":"http:\/\/csepelfc.hu\/index.php\/wp-json\/wp\/v2\/users\/4"}],"replies":[{"embeddable":true,"href":"http:\/\/csepelfc.hu\/index.php\/wp-json\/wp\/v2\/comments?post=2234"}],"version-history":[{"count":1,"href":"http:\/\/csepelfc.hu\/index.php\/wp-json\/wp\/v2\/posts\/2234\/revisions"}],"predecessor-version":[{"id":2236,"href":"http:\/\/csepelfc.hu\/index.php\/wp-json\/wp\/v2\/posts\/2234\/revisions\/2236"}],"wp:featuredmedia":[{"embeddable":true,"href":"http:\/\/csepelfc.hu\/index.php\/wp-json\/wp\/v2\/media\/2235"}],"wp:attachment":[{"href":"http:\/\/csepelfc.hu\/index.php\/wp-json\/wp\/v2\/media?parent=2234"}],"wp:term":[{"taxonomy":"category","embeddable":true,"href":"http:\/\/csepelfc.hu\/index.php\/wp-json\/wp\/v2\/categories?post=2234"},{"taxonomy":"post_tag","embeddable":true,"href":"http:\/\/csepelfc.hu\/index.php\/wp-json\/wp\/v2\/tags?post=2234"}],"curies":[{"name":"wp","href":"https:\/\/api.w.org\/{rel}","templated":true}]}}