{"id":2184,"date":"2018-01-24T12:31:11","date_gmt":"2018-01-24T11:31:11","guid":{"rendered":"http:\/\/csepelfc.hu\/?p=2184"},"modified":"2018-01-24T13:31:52","modified_gmt":"2018-01-24T12:31:52","slug":"straubingban-egykori-csepeli-aszok-vittek-a-primet","status":"publish","type":"post","link":"http:\/\/csepelfc.hu\/index.php\/2018\/01\/24\/straubingban-egykori-csepeli-aszok-vittek-a-primet\/","title":{"rendered":"N\u00e9metorsz\u00e1gban egykori csepeli \u00e1szok vitt\u00e9k a pr\u00edmet!"},"content":{"rendered":"<p>Az egykor szebb napokat l\u00e1tott\u00a0csepeli labdar\u00fag\u00f3id\u0151k n\u00e9h\u00e1ny\u00a0jeles k\u00e9pvisel\u0151je janu\u00e1rban felkerekedett \u00e9s\u00a0k\u00f6z\u00f6sen szervezett utaz\u00e1s keret\u00e9ben meg sem \u00e1lltak N\u00e9metorsz\u00e1gig,\u00a0ahol n\u00edv\u00f3s\u00a0teremlabdar\u00fag\u00f3 torn\u00e1n vettek r\u00e9szt. Teljes\u00edtm\u00e9ny\u00fck hib\u00e1tlanra sikeredett, kupagy\u0151ztesk\u00e9nt t\u00e1voztak!<!--more--><\/p>\n<p>A\u00a0Sumits J\u00f3zsef, T\u00f6r\u00f6k P\u00e9ter, Jakab Rudolf, Szab\u00f3 S\u00e1ndor, Szab\u00f3 Norbert, Baksa Istv\u00e1n, Novakov Zolt\u00e1n, Rottenbiller G\u00e1bor, Kincses Mikl\u00f3s, Varga \u00c1kos, T\u00f6r\u00f6kgy\u00f6rgy Zolt\u00e1n, Galambfalvi Zolt\u00e1n, Horv\u00e1th Attila, Kov\u00e1cs Bal\u00e1zs alkotta <strong>Team Ungarn Csepel\u00a0<\/strong> elnevez\u00e9s\u0171 egylet a\u00a0kiv\u00e1l\u00f3 labdar\u00fag\u00f3 testv\u00e9rp\u00e1r Tyukodi Zolt\u00e1n \u00e9s Tyukodi\u00a0Tibor vezet\u00e9s\u00e9vel v\u00e1gott\u00a0neki a\u00a0torna k\u00fczdelmeinek a kor\u00e1bbi csepeli ut\u00e1np\u00f3tl\u00e1s sikeredz\u0151 Schm\u00e9l L\u00e1szl\u00f3 szakmai fel\u00fcgyelete\u00a0mellett.<\/p>\n<p>Az esem\u00e9nyr\u0151l\u00a0<strong>Sumits J\u00f3zsef<\/strong> a csapat kapusa a Csepel SC ut\u00e1np\u00f3tl\u00e1s\u00e1nak kor\u00e1bbi\u00a0remek sportol\u00f3ja sz\u00e1molt be:<\/p>\n<p>&#8211; A\u00a0hatodik alkalommal megrendezett Josef Pratzl eml\u00e9ktorn\u00e1n vett\u00fcnk r\u00e9szt a sr\u00e1cokkal.\u00a0A n\u00e9vad\u00f3r\u00f3l tudni kell, hogy\u00a0egy\u00a0straubingi futballista volt, aki\u00a0sajnos m\u00e1r elhunyt\u00a0\u00e9s a\u00a0torna\u00a0\u00a0bev\u00e9tel\u00e9b\u0151l t\u00e1mogatj\u00e1k a csal\u00e1dj\u00e1t. Egy\u00fcttes\u00fcnk\u00a0ezt megel\u0151z\u0151en is\u00a0szerepelt\u00a0m\u00e1r a\u00a0torn\u00e1n, de most el\u0151sz\u00f6r siker\u00fclt elh\u00f3d\u00edtanunk a gy\u0151ztesnek j\u00e1r\u00f3 kup\u00e1t. Nyolc csapat vett r\u00e9szt a megm\u00e9rettet\u00e9sen: h\u00e1rom straubingi (helyi)\u00a0egylet, Passau, Regensburg, Hankofen, Neukirchen illetve mi. \u00c9rtelemszer\u0171en k\u00e9t n\u00e9gyes csoportban zajlottak a k\u00fczdelmek, a csoportmeccsek sor\u00e1n k\u00e9tszer nyert\u00fcnk (2:1, 2:0) \u00e9s egyszer ikszelt\u00fcnk (0:0), amivel siker\u00fclt az \u00e9len v\u00e9gezn\u00fcnk. A fin\u00e1l\u00e9ban a\u00a0m\u00e1sik csoport els\u0151 helyezettj\u00e9vel tal\u00e1lkoztunk, ami meglehet\u0151sen izgalmasra sikeredett:\u00a0nehezen ugyan\u00a0de siker\u00fclt vezet\u00e9st szerezn\u00fcnk,\u00a0amit k\u00f6vet\u0151en\u00a0ellenfel\u00fcnk\u00a0mindent megpr\u00f3b\u00e1lt az egyenl\u00edt\u00e9s\u00e9rt, m\u00e9g a kapust is lehozt\u00e1k, \u00e1m mi h\u0151siesen\u00a0kiv\u00e9dekezt\u00fck a h\u00e1tral\u00e9v\u0151 id\u0151t, s\u0151t r\u00e1ad\u00e1sk\u00e9nt m\u00e9g g\u00f3lt is szerezt\u00fcnk, amivel v\u00e9gleg el is d\u0151lt a d\u00f6nt\u0151 a javunkra. Hab a tort\u00e1n, hogy legjobb j\u00e1t\u00e9kosnak Szab\u00f3 Norbertet v\u00e1lasztott\u00e1k (a szint\u00e9n\u00a0csapattag Szab\u00f3\u00a0S\u00e1ndor \u00f6ccs\u00e9t), \u00edgy a lehet\u0151 legjobb sz\u00e1j\u00edzzel hagytuk el a sportcsarnokot. Hadd mondjam m\u00e9g el, hogy a Toa Tattoo Straubing azaz T\u00f6r\u00f6kgy\u00f6rgy Zolt\u00e1n biztos\u00edtotta a szerel\u00e9st\u00a0a csapatnak\u00a0\u00e9s egyik este vend\u00e9g\u00fcl is l\u00e1tott benn\u00fcnket. Straubingr\u00f3l pedig nem \u00e1rt tudni, hogy egy mind\u00f6ssze\u00a040 ezres v\u00e1roska, aminek\u00a0nem kevesebb, mint\u00a0nyolc futballcsapata van, s Tyukodi Tibi 1992 \u00e9s 1996 k\u00f6z\u00f6tt itt futballozott, onnan sz\u00e1rmazik a kapcsolat.\u00a0Napjainkban a\u00a0v\u00e1ros \u00e9lvonalbeli sportja a Bundesliga 1-es Straubing Tigers j\u00e9gkorong csapat\u00e1hoz k\u00f6thet\u0151, meg is n\u00e9zt\u00fck az egyik meccs\u00fcket, ahol\u00a0nagyj\u00e1b\u00f3l \u00a05000 n\u00e9z\u0151\u00a0var\u00e1zsolt fantasztikus hangulatot a j\u00e9gcsarnokba &#8211; z\u00e1rta a besz\u00e1mol\u00f3t az imm\u00e1ron friss kupagy\u0151ztes kapus.<\/p>\n<p>Gratul\u00e1lunk a <strong>Team Ungarn Csepel\u00a0<\/strong>csapat\u00e1nak \u00e9s szakvezet\u0151inek!<\/p>\n<p>&nbsp;<\/p>\n","protected":false},"excerpt":{"rendered":"<div class=\"mh-excerpt\"><p>Az egykor szebb napokat l\u00e1tott\u00a0csepeli labdar\u00fag\u00f3id\u0151k n\u00e9h\u00e1ny\u00a0jeles k\u00e9pvisel\u0151je janu\u00e1rban felkerekedett \u00e9s\u00a0k\u00f6z\u00f6sen szervezett utaz\u00e1s keret\u00e9ben meg sem \u00e1lltak N\u00e9metorsz\u00e1gig,\u00a0ahol n\u00edv\u00f3s\u00a0teremlabdar\u00fag\u00f3 torn\u00e1n vettek r\u00e9szt. Teljes\u00edtm\u00e9ny\u00fck hib\u00e1tlanra sikeredett, kupagy\u0151ztesk\u00e9nt t\u00e1voztak!<\/p>\n<\/div>","protected":false},"author":4,"featured_media":2188,"comment_status":"closed","ping_status":"open","sticky":false,"template":"","format":"standard","meta":{"jetpack_publicize_message":"","jetpack_is_tweetstorm":false,"jetpack_publicize_feature_enabled":true},"categories":[1,7],"tags":[],"jetpack_publicize_connections":[],"jetpack_featured_media_url":"http:\/\/csepelfc.hu\/wp-content\/uploads\/2018\/01\/Straubing-2018.jpg","jetpack_sharing_enabled":true,"jetpack_shortlink":"https:\/\/wp.me\/p83FEU-ze","_links":{"self":[{"href":"http:\/\/csepelfc.hu\/index.php\/wp-json\/wp\/v2\/posts\/2184"}],"collection":[{"href":"http:\/\/csepelfc.hu\/index.php\/wp-json\/wp\/v2\/posts"}],"about":[{"href":"http:\/\/csepelfc.hu\/index.php\/wp-json\/wp\/v2\/types\/post"}],"author":[{"embeddable":true,"href":"http:\/\/csepelfc.hu\/index.php\/wp-json\/wp\/v2\/users\/4"}],"replies":[{"embeddable":true,"href":"http:\/\/csepelfc.hu\/index.php\/wp-json\/wp\/v2\/comments?post=2184"}],"version-history":[{"count":10,"href":"http:\/\/csepelfc.hu\/index.php\/wp-json\/wp\/v2\/posts\/2184\/revisions"}],"predecessor-version":[{"id":2195,"href":"http:\/\/csepelfc.hu\/index.php\/wp-json\/wp\/v2\/posts\/2184\/revisions\/2195"}],"wp:featuredmedia":[{"embeddable":true,"href":"http:\/\/csepelfc.hu\/index.php\/wp-json\/wp\/v2\/media\/2188"}],"wp:attachment":[{"href":"http:\/\/csepelfc.hu\/index.php\/wp-json\/wp\/v2\/media?parent=2184"}],"wp:term":[{"taxonomy":"category","embeddable":true,"href":"http:\/\/csepelfc.hu\/index.php\/wp-json\/wp\/v2\/categories?post=2184"},{"taxonomy":"post_tag","embeddable":true,"href":"http:\/\/csepelfc.hu\/index.php\/wp-json\/wp\/v2\/tags?post=2184"}],"curies":[{"name":"wp","href":"https:\/\/api.w.org\/{rel}","templated":true}]}}