{"id":2124,"date":"2018-01-04T12:27:23","date_gmt":"2018-01-04T11:27:23","guid":{"rendered":"http:\/\/csepelfc.hu\/?p=2124"},"modified":"2018-01-04T12:27:23","modified_gmt":"2018-01-04T11:27:23","slug":"u7-hazai-uj-ev-kupara-keszulnek-fiataljaink","status":"publish","type":"post","link":"http:\/\/csepelfc.hu\/index.php\/2018\/01\/04\/u7-hazai-uj-ev-kupara-keszulnek-fiataljaink\/","title":{"rendered":"U7: hazai \u00daj \u00c9v Kup\u00e1ra k\u00e9sz\u00fclnek fiataljaink"},"content":{"rendered":"<p>Janu\u00e1r els\u0151 h\u00e9tv\u00e9g\u00e9j\u00e9nek vas\u00e1rnapj\u00e1n\u00a0Csepel ad otthont a New Year Cup elnevez\u00e9s\u0171 ut\u00e1np\u00f3tl\u00e1s teremlabdar\u00fag\u00f3 torn\u00e1nak. U7-es koroszt\u00e1ly\u00fa labdar\u00fag\u00f3ink k\u00e9t leg\u00e9nys\u00e9ggel\u00a0is k\u00e9pviseltetik magukat a 10 csapatos torn\u00e1n.<!--more--><\/p>\n<p>&nbsp;<\/p>\n<p>A Kazinczy Ferenc \u00c1ltal\u00e1nos Iskol\u00e1ban (1215 Budapest V\u00e1g\u00f3h\u00edd u. 68.) sorra ker\u00fcl\u0151\u00a0programon 12:20-kor indul \u00fatj\u00e1ra a labda, \u00edme a csoportbeoszt\u00e1sok \u00e9s a m\u00e9rk\u0151z\u00e9sek:<\/p>\n<p><a id=\"set-post-thumbnail\" class=\"thickbox\" href=\"http:\/\/csepelfc.hu\/wp-admin\/media-upload.php?post_id=2124&amp;type=image&amp;TB_iframe=1\" aria-describedby=\"set-post-thumbnail-desc\"><img loading=\"lazy\" class=\"attachment-266x266 \" src=\"http:\/\/csepelfc.hu\/wp-content\/uploads\/2018\/01\/NewYearCup2018.jpg\" sizes=\"(max-width: 248px) 100vw, 248px\" alt=\"\" width=\"747\" height=\"801\" \/><\/a><\/p>\n<p>A labdar\u00fag\u00f3 torn\u00e1ra mindenkit szeretettel v\u00e1runk a lel\u00e1t\u00f3val is rendelkez\u0151 iskol\u00e1ba. Hajr\u00e1 Csepel FC!<\/p>\n<p>&nbsp;<\/p>\n","protected":false},"excerpt":{"rendered":"<div class=\"mh-excerpt\"><p>Janu\u00e1r els\u0151 h\u00e9tv\u00e9g\u00e9j\u00e9nek vas\u00e1rnapj\u00e1n\u00a0Csepel ad otthont a New Year Cup elnevez\u00e9s\u0171 ut\u00e1np\u00f3tl\u00e1s teremlabdar\u00fag\u00f3 torn\u00e1nak. U7-es koroszt\u00e1ly\u00fa labdar\u00fag\u00f3ink k\u00e9t leg\u00e9nys\u00e9ggel\u00a0is k\u00e9pviseltetik magukat a 10 csapatos torn\u00e1n.<\/p>\n<\/div>","protected":false},"author":4,"featured_media":2127,"comment_status":"closed","ping_status":"open","sticky":false,"template":"","format":"standard","meta":{"jetpack_publicize_message":"","jetpack_is_tweetstorm":false,"jetpack_publicize_feature_enabled":true},"categories":[1,11],"tags":[],"jetpack_publicize_connections":[],"jetpack_featured_media_url":"http:\/\/csepelfc.hu\/wp-content\/uploads\/2018\/01\/1stNewYearCup.jpg","jetpack_sharing_enabled":true,"jetpack_shortlink":"https:\/\/wp.me\/p83FEU-yg","_links":{"self":[{"href":"http:\/\/csepelfc.hu\/index.php\/wp-json\/wp\/v2\/posts\/2124"}],"collection":[{"href":"http:\/\/csepelfc.hu\/index.php\/wp-json\/wp\/v2\/posts"}],"about":[{"href":"http:\/\/csepelfc.hu\/index.php\/wp-json\/wp\/v2\/types\/post"}],"author":[{"embeddable":true,"href":"http:\/\/csepelfc.hu\/index.php\/wp-json\/wp\/v2\/users\/4"}],"replies":[{"embeddable":true,"href":"http:\/\/csepelfc.hu\/index.php\/wp-json\/wp\/v2\/comments?post=2124"}],"version-history":[{"count":3,"href":"http:\/\/csepelfc.hu\/index.php\/wp-json\/wp\/v2\/posts\/2124\/revisions"}],"predecessor-version":[{"id":2129,"href":"http:\/\/csepelfc.hu\/index.php\/wp-json\/wp\/v2\/posts\/2124\/revisions\/2129"}],"wp:featuredmedia":[{"embeddable":true,"href":"http:\/\/csepelfc.hu\/index.php\/wp-json\/wp\/v2\/media\/2127"}],"wp:attachment":[{"href":"http:\/\/csepelfc.hu\/index.php\/wp-json\/wp\/v2\/media?parent=2124"}],"wp:term":[{"taxonomy":"category","embeddable":true,"href":"http:\/\/csepelfc.hu\/index.php\/wp-json\/wp\/v2\/categories?post=2124"},{"taxonomy":"post_tag","embeddable":true,"href":"http:\/\/csepelfc.hu\/index.php\/wp-json\/wp\/v2\/tags?post=2124"}],"curies":[{"name":"wp","href":"https:\/\/api.w.org\/{rel}","templated":true}]}}