{"id":2095,"date":"2017-12-20T16:26:29","date_gmt":"2017-12-20T15:26:29","guid":{"rendered":"http:\/\/csepelfc.hu\/?p=2095"},"modified":"2017-12-20T16:26:29","modified_gmt":"2017-12-20T15:26:29","slug":"remek-hangulatban-zarjuk-az-idei-evet","status":"publish","type":"post","link":"http:\/\/csepelfc.hu\/index.php\/2017\/12\/20\/remek-hangulatban-zarjuk-az-idei-evet\/","title":{"rendered":"Remek hangulatban z\u00e1rjuk az idei \u00e9vet"},"content":{"rendered":"<p>A Csepel FC \u00f6sszes labdar\u00fag\u00f3 csapata &#8211; belesz\u00e1m\u00edtva a feln\u0151tt egy\u00fcttest is-\u00a0remek hangulat\u00fa \u00e9vz\u00e1r\u00f3 esem\u00e9nyekkel b\u00facs\u00faztatja\u00a0a 2017\/2018-as bajnoki \u00e9vad \u0151szi szezonj\u00e1t.<!--more-->A feln\u0151ttek \u00e9s az id\u0151sebb koroszt\u00e1lyok k\u00f6z\u00f6s vacsor\u00e1val, m\u00edg az ifjabbak hagyom\u00e1nyos m\u00f3don, a sz\u00fcl\u0151-gyerek futball meccsel \u00e9s az ut\u00e1na esed\u00e9kes kis \u00e1ll\u00f3fogad\u00e1ssal vesznek b\u00facs\u00fat egym\u00e1st\u00f3l a t\u00e9li sz\u00fcnet id\u0151szak\u00e1ra, hogy azt\u00e1n a j\u00f3l meg\u00e9rdemelt pihen\u00e9st j\u00f6v\u0151 \u00e9v elej\u00e9n felv\u00e1ltsa majd a\u00a0szok\u00e1sos felk\u00e9sz\u00fcl\u00e9si id\u0151szak.<\/p>\n<p>A klubvezet\u00e9s nev\u00e9ben ez \u00faton is k\u00edv\u00e1nunk minden j\u00e1t\u00e9kosunknak, sz\u00fcleiknek, hozz\u00e1tartoz\u00f3iknak\u00a0is tartalmas, \u00e1m legal\u00e1bb annyira pihentet\u0151 kikapcsol\u00f3d\u00e1st, valamint \u00e1ldott, szeretetteljes\u00a0\u00fcnnepeket!<\/p>\n<p>(A fot\u00f3n az U10-U11-U12-es koroszt\u00e1ly \u00e9vz\u00e1r\u00f3ja ut\u00e1ni pillanatok egyike l\u00e1that\u00f3)<\/p>\n","protected":false},"excerpt":{"rendered":"<div class=\"mh-excerpt\"><p>A Csepel FC \u00f6sszes labdar\u00fag\u00f3 csapata &#8211; belesz\u00e1m\u00edtva a feln\u0151tt egy\u00fcttest is-\u00a0remek hangulat\u00fa \u00e9vz\u00e1r\u00f3 esem\u00e9nyekkel b\u00facs\u00faztatja\u00a0a 2017\/2018-as bajnoki \u00e9vad \u0151szi szezonj\u00e1t.<\/p>\n<\/div>","protected":false},"author":4,"featured_media":2096,"comment_status":"closed","ping_status":"open","sticky":false,"template":"","format":"standard","meta":{"jetpack_publicize_message":"","jetpack_is_tweetstorm":false,"jetpack_publicize_feature_enabled":true},"categories":[1,7,11,3],"tags":[],"jetpack_publicize_connections":[],"jetpack_featured_media_url":"http:\/\/csepelfc.hu\/wp-content\/uploads\/2017\/12\/U111210-Evzarok..jpg","jetpack_sharing_enabled":true,"jetpack_shortlink":"https:\/\/wp.me\/p83FEU-xN","_links":{"self":[{"href":"http:\/\/csepelfc.hu\/index.php\/wp-json\/wp\/v2\/posts\/2095"}],"collection":[{"href":"http:\/\/csepelfc.hu\/index.php\/wp-json\/wp\/v2\/posts"}],"about":[{"href":"http:\/\/csepelfc.hu\/index.php\/wp-json\/wp\/v2\/types\/post"}],"author":[{"embeddable":true,"href":"http:\/\/csepelfc.hu\/index.php\/wp-json\/wp\/v2\/users\/4"}],"replies":[{"embeddable":true,"href":"http:\/\/csepelfc.hu\/index.php\/wp-json\/wp\/v2\/comments?post=2095"}],"version-history":[{"count":1,"href":"http:\/\/csepelfc.hu\/index.php\/wp-json\/wp\/v2\/posts\/2095\/revisions"}],"predecessor-version":[{"id":2097,"href":"http:\/\/csepelfc.hu\/index.php\/wp-json\/wp\/v2\/posts\/2095\/revisions\/2097"}],"wp:featuredmedia":[{"embeddable":true,"href":"http:\/\/csepelfc.hu\/index.php\/wp-json\/wp\/v2\/media\/2096"}],"wp:attachment":[{"href":"http:\/\/csepelfc.hu\/index.php\/wp-json\/wp\/v2\/media?parent=2095"}],"wp:term":[{"taxonomy":"category","embeddable":true,"href":"http:\/\/csepelfc.hu\/index.php\/wp-json\/wp\/v2\/categories?post=2095"},{"taxonomy":"post_tag","embeddable":true,"href":"http:\/\/csepelfc.hu\/index.php\/wp-json\/wp\/v2\/tags?post=2095"}],"curies":[{"name":"wp","href":"https:\/\/api.w.org\/{rel}","templated":true}]}}