{"id":2080,"date":"2017-12-10T19:12:51","date_gmt":"2017-12-10T18:12:51","guid":{"rendered":"http:\/\/csepelfc.hu\/?p=2080"},"modified":"2017-12-10T19:14:06","modified_gmt":"2017-12-10T18:14:06","slug":"csepel-fc-advent-2-0","status":"publish","type":"post","link":"http:\/\/csepelfc.hu\/index.php\/2017\/12\/10\/csepel-fc-advent-2-0\/","title":{"rendered":"Csepel FC Advent 2.0 &#8211; fellobbant a 2. gyertya"},"content":{"rendered":"<p>A hagyom\u00e1nyokat folytatva vas\u00e1rnap este fellobbant a Csepel FC adventi koszor\u00faj\u00e1nak m\u00e1sodik gyerty\u00e1ja is a klub sz\u00e9kh\u00e1z\u00e1nak aul\u00e1j\u00e1ban, ahol ez\u00fattal legifjabb labdar\u00fag\u00f3ink k\u00f6z\u00fcl n\u00e9h\u00e1nyan voltak seg\u00edts\u00e9g\u00fcnkre a gyertyagy\u00fajt\u00e1sn\u00e1l.<!--more--><\/p>\n<p>&nbsp;<\/p>\n<p>Advent m\u00e1sodik vas\u00e1rnapj\u00e1n a napjainkban rendk\u00edv\u00fcl elfoglalt, t\u00f6bb futball torn\u00e1n is remekl\u0151 ifj\u00fa koroszt\u00e1lyaink tagjai \u00e9s sz\u00fcleik k\u00e9pviseltett\u00e9k magukat december 10-\u00e9n este a B\u00e9ke t\u00e9ri sporttelepen, ahol Kincses \u00c1d\u00e1m szakmai vezet\u0151 \u00e9s L\u00e9gr\u00e1di G\u00e1bor sajt\u00f3felel\u0151s fel\u00fcgyelete mellett gy\u00fajtott\u00e1k meg a gyerty\u00e1kat a\u00a0 gyerekek.<\/p>\n<p><strong>Advent 2. napja:<\/strong><\/p>\n<p>A gyerty\u00e1kat vas\u00e1rnaponk\u00e9nt (vagy el\u0151z\u0151 este) gy\u00fajtj\u00e1k meg, minden alkalommal eggyel t\u00f6bbet. A vil\u00e1g\u00edt\u00f3 gyerty\u00e1k sz\u00e1m\u00e1nak n\u00f6veked\u00e9se szimboliz\u00e1lja a n\u00f6vekv\u0151 f\u00e9nyt, amelyet Isten J\u00e9zusban a v\u00e1rakoz\u00f3nak ad kar\u00e1csonykor. Az adventi koszor\u00fan mind a n\u00e9gy gyertya egyszerre \u00e9g az utols\u00f3 vas\u00e1rnapon.<\/p>\n<p>Minden gyertya szimboliz\u00e1l egy fogalmat: 1. hit, 2. rem\u00e9ny, 3. \u00f6r\u00f6m, 4. szeretet. A gyerty\u00e1k egyben a katolikus szimbolika szerint egy-egy szem\u00e9lyre vagy k\u00f6z\u00f6ss\u00e9gre is utalnak:<\/p>\n<p>\u00c1d\u00e1m \u00e9s \u00c9va \u2013 mint akiknek els\u0151k\u00e9nt \u00edg\u00e9rte meg Isten a megv\u00e1lt\u00e1st (hit);<\/p>\n<p>zsid\u00f3 n\u00e9p \u2013 akinek meg\u00edg\u00e9rte, hogy k\u00f6z\u00fcl\u00fck sz\u00e1rmazik a Messi\u00e1s (rem\u00e9ny);<\/p>\n<p>Sz\u0171z M\u00e1ria \u2013 aki megsz\u00fclte a Fi\u00fat (\u00f6r\u00f6m \u2013 r\u00f3zsasz\u00edn gyertya);<\/p>\n<p>Keresztel\u0151 Szent J\u00e1nos \u2013 aki hirdette J\u00e9zus elj\u00f6vetel\u00e9t, \u00e9s k\u00e9sz\u00edtette az utat az emberek sz\u00edv\u00e9hez (szeretet).<\/p>\n<p>&nbsp;<\/p>\n","protected":false},"excerpt":{"rendered":"<div class=\"mh-excerpt\"><p>A hagyom\u00e1nyokat folytatva vas\u00e1rnap este fellobbant a Csepel FC adventi koszor\u00faj\u00e1nak m\u00e1sodik gyerty\u00e1ja is a klub sz\u00e9kh\u00e1z\u00e1nak aul\u00e1j\u00e1ban, ahol ez\u00fattal legifjabb labdar\u00fag\u00f3ink k\u00f6z\u00fcl n\u00e9h\u00e1nyan voltak seg\u00edts\u00e9g\u00fcnkre a gyertyagy\u00fajt\u00e1sn\u00e1l.<\/p>\n<\/div>","protected":false},"author":4,"featured_media":2081,"comment_status":"closed","ping_status":"open","sticky":false,"template":"","format":"standard","meta":{"jetpack_publicize_message":"","jetpack_is_tweetstorm":false,"jetpack_publicize_feature_enabled":true},"categories":[1,11],"tags":[],"jetpack_publicize_connections":[],"jetpack_featured_media_url":"http:\/\/csepelfc.hu\/wp-content\/uploads\/2017\/12\/csapatk\u00e9pk..jpg","jetpack_sharing_enabled":true,"jetpack_shortlink":"https:\/\/wp.me\/p83FEU-xy","_links":{"self":[{"href":"http:\/\/csepelfc.hu\/index.php\/wp-json\/wp\/v2\/posts\/2080"}],"collection":[{"href":"http:\/\/csepelfc.hu\/index.php\/wp-json\/wp\/v2\/posts"}],"about":[{"href":"http:\/\/csepelfc.hu\/index.php\/wp-json\/wp\/v2\/types\/post"}],"author":[{"embeddable":true,"href":"http:\/\/csepelfc.hu\/index.php\/wp-json\/wp\/v2\/users\/4"}],"replies":[{"embeddable":true,"href":"http:\/\/csepelfc.hu\/index.php\/wp-json\/wp\/v2\/comments?post=2080"}],"version-history":[{"count":3,"href":"http:\/\/csepelfc.hu\/index.php\/wp-json\/wp\/v2\/posts\/2080\/revisions"}],"predecessor-version":[{"id":2084,"href":"http:\/\/csepelfc.hu\/index.php\/wp-json\/wp\/v2\/posts\/2080\/revisions\/2084"}],"wp:featuredmedia":[{"embeddable":true,"href":"http:\/\/csepelfc.hu\/index.php\/wp-json\/wp\/v2\/media\/2081"}],"wp:attachment":[{"href":"http:\/\/csepelfc.hu\/index.php\/wp-json\/wp\/v2\/media?parent=2080"}],"wp:term":[{"taxonomy":"category","embeddable":true,"href":"http:\/\/csepelfc.hu\/index.php\/wp-json\/wp\/v2\/categories?post=2080"},{"taxonomy":"post_tag","embeddable":true,"href":"http:\/\/csepelfc.hu\/index.php\/wp-json\/wp\/v2\/tags?post=2080"}],"curies":[{"name":"wp","href":"https:\/\/api.w.org\/{rel}","templated":true}]}}