{"id":2036,"date":"2017-12-07T15:00:08","date_gmt":"2017-12-07T14:00:08","guid":{"rendered":"http:\/\/csepelfc.hu\/?p=2036"},"modified":"2017-12-07T15:03:19","modified_gmt":"2017-12-07T14:03:19","slug":"jol-kuzdottunk-a-x-agriapipe-kupan-egerben","status":"publish","type":"post","link":"http:\/\/csepelfc.hu\/index.php\/2017\/12\/07\/jol-kuzdottunk-a-x-agriapipe-kupan-egerben\/","title":{"rendered":"UP: Egerben is j\u00f3l ment fiainknak"},"content":{"rendered":"<p>Az U9 -es \u00e9s az U11-es koroszt\u00e1lyaink\u00a0december 2-\u00e1n \u00e9s 3-\u00e1n\u00a0Egerben, a tizedik alkalommal megrendezett Agriapipe Kupa Ut\u00e1np\u00f3tl\u00e1s Teremlabdar\u00fag\u00f3 Torn\u00e1n vettek r\u00e9szt, ahol meglehet\u0151sen mozgalmas k\u00e9t napot t\u00f6lt\u00f6ttek.<!--more-->A k\u00e9t helysz\u00ednen zajl\u00f3 megm\u00e9rettet\u00e9s\u00a0otthon\u00e1ul a\u00a0P\u00e1sztorv\u00f6lgyi \u00c1ltal\u00e1nos Iskola tornaterme \u00e9s a Kem\u00e9ny Ferenc Sportcsarnok szolg\u00e1lt, a Csepel FC a 2007-es koroszt\u00e1lyban a Budakal\u00e1sz, az 1908 SZAC \u00e9s az UFC Kecskem\u00e9t mell\u00e9 kapott besorol\u00e1st szombaton.<\/p>\n<p>Az eredm\u00e9nyek:<\/p>\n<p><strong>Csepel FC<\/strong> &#8211; Budakal\u00e1sz<strong> 3:1<\/strong><\/p>\n<p><strong>Csepel FC<\/strong> &#8211; 1908 SZAC <strong>1:3<\/strong><\/p>\n<p><strong>Csepel FC<\/strong> &#8211; UFC Kecskem\u00e9t <strong>0:6<\/strong><\/p>\n<p>A 2009-es koroszt\u00e1lyunk az Eger SE &#8220;B&#8221;, az Egri Focisuli (EFE) \u00e9s a Veresegyh\u00e1z VSK egy\u00fctteseivel m\u00e9rk\u0151z\u00f6tt:<\/p>\n<p>Veresegyh\u00e1z &#8211; <strong>Csepel FC 1:2<\/strong><\/p>\n<p>Eger SE &#8220;B&#8221; &#8211;<strong> Csepel FC 1:2<\/strong><\/p>\n<p>EFE &#8211; <strong>Csepel FC 0:4<\/strong><\/p>\n<p>Vas\u00e1rnap a 2007-esekre v\u00e1rt m\u00e9g h\u00e1rom tal\u00e1lkoz\u00f3, melyek a k\u00f6vetkez\u0151k szerint alakultak:<\/p>\n<p><strong>Csepel FC<\/strong> &#8211; Cig\u00e1nd <strong>3:0<\/strong><\/p>\n<p>Ajka &#8211; <strong>Csepel FC 2:0<\/strong><\/p>\n<p><strong>Csepel FC<\/strong> &#8211; Kisk\u0151r\u00f6s <strong>1:0<\/strong><\/p>\n<p><strong>Kincses \u00c1d\u00e1m szakmai vezet\u0151:<\/strong> &#8211; Csapataink remek\u00fcl helyt \u00e1lltak a torn\u00e1n, az U9 -esek csak hajsz\u00e1l h\u00edj\u00e1n maradtak le a n\u00e9gyes d\u00f6nt\u0151r\u0151l, ahov\u00e1 igaz\u00e1n meg\u00e9rdemelt\u00e9k volna, hogy beker\u00fcljenek, de semmi sz\u00e9gyenkeznival\u00f3juk nem lehet. Az U11 -nek siker\u00fclt a n\u00e9gy k\u00f6z\u00e9 jut\u00e1s csoportharmadikk\u00e9nt, ahol a harmadik hely\u00e9rt sikerrel vette a m\u00e9rk\u0151z\u00e9s\u00e9t a csapat, \u00edgy gy\u0151zelemmel z\u00e1rt\u00e1k a fi\u00fak a torn\u00e1t, amit nagyon fontos dolognak tartok. Csak\u00fagy, mint a sz\u00fcl\u0151k, hozz\u00e1tartoz\u00f3k roppant lelkes r\u00e9szv\u00e9tel\u00e9t az esem\u00e9nyen, akik minden t\u00e1mogat\u00e1st megadtak a gyerekeknek a n\u00e9z\u0151t\u00e9rr\u0151l, kiv\u00e1l\u00f3 atmoszf\u00e9r\u00e1t teremtve a meccseinknek. A Csepel FC k\u00f6zel hatvan f\u0151vel k\u00e9pviseltette mag\u00e1t Egerben, amely a sport\u00e9rt\u00e9ke mellett remek \u00f6sszetart\u00e1sra is lehet\u0151s\u00e9get biztos\u00edtott, ami meglehet\u0151sen fontos dolog a k\u00f6zelj\u00f6v\u0151re n\u00e9zve. T\u00f6bb edz\u0151koll\u00e9ga is vel\u00fcnk tartott: Szab\u00f3 Zolt\u00e1n, Szab\u00f3 Tibor, Pop Rich\u00e1rd \u00e9s Horv\u00e1th Csaba is, ami azt jelenti, hogy szakmailag is\u00a0er\u0151s edz\u0151i g\u00e1rd\u00e1t vonultathattunk fel. \u00d6sszess\u00e9g\u00e9ben teh\u00e1t ism\u00e9t el\u00e9rte c\u00e9lj\u00e1t a k\u00e9t napos esem\u00e9nyen val\u00f3 r\u00e9szv\u00e9tel\u00fcnk, b\u00edzunk benne, hogy lesz alkalmunk m\u00e9g hasonl\u00f3 programokon megmutatni magunkat.<\/p>\n","protected":false},"excerpt":{"rendered":"<div class=\"mh-excerpt\"><p>Az U9 -es \u00e9s az U11-es koroszt\u00e1lyaink\u00a0december 2-\u00e1n \u00e9s 3-\u00e1n\u00a0Egerben, a tizedik alkalommal megrendezett Agriapipe Kupa Ut\u00e1np\u00f3tl\u00e1s Teremlabdar\u00fag\u00f3 Torn\u00e1n vettek r\u00e9szt, ahol meglehet\u0151sen mozgalmas k\u00e9t napot t\u00f6lt\u00f6ttek.<\/p>\n<\/div>","protected":false},"author":4,"featured_media":2061,"comment_status":"closed","ping_status":"open","sticky":false,"template":"","format":"standard","meta":{"jetpack_publicize_message":"","jetpack_is_tweetstorm":false,"jetpack_publicize_feature_enabled":true},"categories":[1,11],"tags":[],"jetpack_publicize_connections":[],"jetpack_featured_media_url":"http:\/\/csepelfc.hu\/wp-content\/uploads\/2017\/12\/SzaboZolival.jpg","jetpack_sharing_enabled":true,"jetpack_shortlink":"https:\/\/wp.me\/p83FEU-wQ","_links":{"self":[{"href":"http:\/\/csepelfc.hu\/index.php\/wp-json\/wp\/v2\/posts\/2036"}],"collection":[{"href":"http:\/\/csepelfc.hu\/index.php\/wp-json\/wp\/v2\/posts"}],"about":[{"href":"http:\/\/csepelfc.hu\/index.php\/wp-json\/wp\/v2\/types\/post"}],"author":[{"embeddable":true,"href":"http:\/\/csepelfc.hu\/index.php\/wp-json\/wp\/v2\/users\/4"}],"replies":[{"embeddable":true,"href":"http:\/\/csepelfc.hu\/index.php\/wp-json\/wp\/v2\/comments?post=2036"}],"version-history":[{"count":5,"href":"http:\/\/csepelfc.hu\/index.php\/wp-json\/wp\/v2\/posts\/2036\/revisions"}],"predecessor-version":[{"id":2064,"href":"http:\/\/csepelfc.hu\/index.php\/wp-json\/wp\/v2\/posts\/2036\/revisions\/2064"}],"wp:featuredmedia":[{"embeddable":true,"href":"http:\/\/csepelfc.hu\/index.php\/wp-json\/wp\/v2\/media\/2061"}],"wp:attachment":[{"href":"http:\/\/csepelfc.hu\/index.php\/wp-json\/wp\/v2\/media?parent=2036"}],"wp:term":[{"taxonomy":"category","embeddable":true,"href":"http:\/\/csepelfc.hu\/index.php\/wp-json\/wp\/v2\/categories?post=2036"},{"taxonomy":"post_tag","embeddable":true,"href":"http:\/\/csepelfc.hu\/index.php\/wp-json\/wp\/v2\/tags?post=2036"}],"curies":[{"name":"wp","href":"https:\/\/api.w.org\/{rel}","templated":true}]}}