{"id":2009,"date":"2017-11-27T22:11:08","date_gmt":"2017-11-27T21:11:08","guid":{"rendered":"http:\/\/csepelfc.hu\/?p=2009"},"modified":"2017-12-06T20:21:56","modified_gmt":"2017-12-06T19:21:56","slug":"kapitanyunk-unnepel","status":"publish","type":"post","link":"http:\/\/csepelfc.hu\/index.php\/2017\/11\/27\/kapitanyunk-unnepel\/","title":{"rendered":"Kapit\u00e1nyunk \u00fcnnepel&#8230;"},"content":{"rendered":"<p>A Csepel FC feln\u0151tt labdar\u00fag\u00f3csapat\u00e1nak kapit\u00e1nya Haraszk\u00f3 S\u00e1ndor a mai napon kerek sz\u00fclet\u00e9snapot \u00fcnnepel.<!--more-->A Di\u00f3sgy\u0151ri VTK-ban nevelked\u0151 \u00e9pp ma 30 esztend\u0151s Haraszk\u00f3 Sanyi a hivatalos jegyz\u0151k\u00f6nyv szerint 2008 \u00f3ta er\u0151s\u00edti k\u00e9k-piros egylet\u00fcnket, tagja volt a harmadoszt\u00e1ly\u00fa feljut\u00e1st kiharcol\u00f3 egy\u00fcttesnek, ahol az\u00f3ta 322 tal\u00e1lkoz\u00f3n l\u00e9pett p\u00e1ly\u00e1ra \u00e9s 29 g\u00f3lt szerzett. A csupasz\u00edv, m\u00e9rk\u0151z\u00e9seken megalkuv\u00e1st nem ismer\u0151 sportembert a csepeli szurkol\u00f3k is hamar a sz\u00edv\u00fckbe z\u00e1rt\u00e1k \u00e9s rem\u00e9nyeik szerint sok k\u00f6z\u00f6s k\u00e9k-piros sikerben lehet m\u00e9g r\u00e9sz\u00fck a j\u00f6v\u0151ben is.<\/p>\n<p>Isten \u00e9ltesse!<\/p>\n","protected":false},"excerpt":{"rendered":"<div class=\"mh-excerpt\"><p>A Csepel FC feln\u0151tt labdar\u00fag\u00f3csapat\u00e1nak kapit\u00e1nya Haraszk\u00f3 S\u00e1ndor a mai napon kerek sz\u00fclet\u00e9snapot \u00fcnnepel.<\/p>\n<\/div>","protected":false},"author":4,"featured_media":2010,"comment_status":"closed","ping_status":"open","sticky":false,"template":"","format":"standard","meta":{"jetpack_publicize_message":"","jetpack_is_tweetstorm":false,"jetpack_publicize_feature_enabled":true},"categories":[1,7],"tags":[],"jetpack_publicize_connections":[],"jetpack_featured_media_url":"http:\/\/csepelfc.hu\/wp-content\/uploads\/2017\/11\/Haraszk\u00f3Sanyi-e1511817211247.jpg","jetpack_sharing_enabled":true,"jetpack_shortlink":"https:\/\/wp.me\/p83FEU-wp","_links":{"self":[{"href":"http:\/\/csepelfc.hu\/index.php\/wp-json\/wp\/v2\/posts\/2009"}],"collection":[{"href":"http:\/\/csepelfc.hu\/index.php\/wp-json\/wp\/v2\/posts"}],"about":[{"href":"http:\/\/csepelfc.hu\/index.php\/wp-json\/wp\/v2\/types\/post"}],"author":[{"embeddable":true,"href":"http:\/\/csepelfc.hu\/index.php\/wp-json\/wp\/v2\/users\/4"}],"replies":[{"embeddable":true,"href":"http:\/\/csepelfc.hu\/index.php\/wp-json\/wp\/v2\/comments?post=2009"}],"version-history":[{"count":2,"href":"http:\/\/csepelfc.hu\/index.php\/wp-json\/wp\/v2\/posts\/2009\/revisions"}],"predecessor-version":[{"id":2012,"href":"http:\/\/csepelfc.hu\/index.php\/wp-json\/wp\/v2\/posts\/2009\/revisions\/2012"}],"wp:featuredmedia":[{"embeddable":true,"href":"http:\/\/csepelfc.hu\/index.php\/wp-json\/wp\/v2\/media\/2010"}],"wp:attachment":[{"href":"http:\/\/csepelfc.hu\/index.php\/wp-json\/wp\/v2\/media?parent=2009"}],"wp:term":[{"taxonomy":"category","embeddable":true,"href":"http:\/\/csepelfc.hu\/index.php\/wp-json\/wp\/v2\/categories?post=2009"},{"taxonomy":"post_tag","embeddable":true,"href":"http:\/\/csepelfc.hu\/index.php\/wp-json\/wp\/v2\/tags?post=2009"}],"curies":[{"name":"wp","href":"https:\/\/api.w.org\/{rel}","templated":true}]}}