{"id":1976,"date":"2017-11-23T15:35:49","date_gmt":"2017-11-23T14:35:49","guid":{"rendered":"http:\/\/csepelfc.hu\/?p=1976"},"modified":"2017-11-24T13:55:29","modified_gmt":"2017-11-24T12:55:29","slug":"up-tiz-csepeli-pontot-hozott-a-hetvegi-fordulo","status":"publish","type":"post","link":"http:\/\/csepelfc.hu\/index.php\/2017\/11\/23\/up-tiz-csepeli-pontot-hozott-a-hetvegi-fordulo\/","title":{"rendered":"UP: t\u00edz csepeli pontot hozott a h\u00e9tv\u00e9gi fordul\u00f3"},"content":{"rendered":"<p>Az Iv\u00e1ncsa KSE otthon\u00e1b\u00f3l mind a hat pontot elhozta U17-es \u00e9s U19-es egy\u00fcttes\u00fcnk, m\u00edg idehaza a BLSZ-es U19 nem b\u00edrt a Nagyt\u00e9t\u00e9nnyel, csak \u00fagy, mint U15-\u00f6s csapatunk az Esztergommal, de az U14-esek sim\u00e1n hozt\u00e1k a &#8220;k\u00f6telez\u0151t&#8221;.<!--more--><\/p>\n<p><a id=\"set-post-thumbnail\" class=\"thickbox\" href=\"http:\/\/csepelfc.hu\/wp-admin\/media-upload.php?post_id=1976&amp;type=image&amp;TB_iframe=1\" aria-describedby=\"set-post-thumbnail-desc\"><img loading=\"lazy\" class=\"attachment-266x266 \" src=\"http:\/\/csepelfc.hu\/wp-content\/uploads\/2017\/11\/Iv\u00e1ncsa-CsepelU19.jpg\" sizes=\"(max-width: 179px) 100vw, 179px\" alt=\"\" width=\"631\" height=\"940\" \/><\/a><\/p>\n<p>&nbsp;<\/p>\n<p>&nbsp;<\/p>\n<p><strong>Borda Viktor: <\/strong>&#8211; El\u0151zetesen egy neh\u00e9z tal\u00e1lkoz\u00f3ra sz\u00e1m\u00edtottunk, ugyanis egy olyan csapathoz utaztunk, akik ebben a bajnoks\u00e1gban m\u00e1r sz\u00e1mos meglepet\u00e9st okoztak. Ez be is igazol\u00f3dott&#8230; Egy nagyon neh\u00e9z m\u00e9rk\u0151z\u00e9s volt, ahol nem csak ellenfel\u00fcnk nehez\u00edtette meg a dolgunkat. A rossz min\u0151s\u00e9g\u0171 p\u00e1lya \u00e9s a min\u0151s\u00edthetetlen\u00fcl rossz j\u00e1t\u00e9kvezet\u00e9s is r\u00e1nyomta b\u00e9lyeg\u00e9t a tal\u00e1lkoz\u00f3ra. Ennek k\u00f6vetkezt\u00e9ben a 33. perct\u0151l emberh\u00e1tr\u00e1nyban j\u00e1tszottunk,\u00a0amely ellen\u00e9re egy j\u00f3 iram\u00fa meccset siker\u00fclt j\u00e1tszanunk. Azon k\u00edv\u00fcl, hogy meg\u0151rizt\u00fck kapunkat a g\u00f3lt\u00f3l, a legnagyobb pozit\u00edvum, hogy ellenfel\u00fcnk provokat\u00edv j\u00e1t\u00e9kst\u00edlus\u00e1t nem vett\u00fck fel, nem ment\u00fcnk bele a t\u00f6rleszt\u00e9sekbe, \u00e9s a&#8221;balh\u00e9ba&#8221;. J\u00e1t\u00e9kosaim ez\u00e9rt minden tekintetben jelesre vizsg\u00e1ztak, arr\u00f3l nem besz\u00e9lve, hogy emberh\u00e1tr\u00e1nyban is tudtuk uralni a j\u00e1t\u00e9kot ami\u00e9rt le a kalappal a csapat el\u0151tt!<\/p>\n<p><strong>J\u00f3k<\/strong>: \u00a0Torda Bence<\/p>\n<p><a id=\"set-post-thumbnail\" class=\"thickbox\" href=\"http:\/\/csepelfc.hu\/wp-admin\/media-upload.php?post_id=1976&amp;type=image&amp;TB_iframe=1\" aria-describedby=\"set-post-thumbnail-desc\"><img loading=\"lazy\" class=\"attachment-266x266 \" src=\"http:\/\/csepelfc.hu\/wp-content\/uploads\/2017\/11\/Iv\u00e1ncsa-CsepelU17.jpg\" sizes=\"(max-width: 183px) 100vw, 183px\" alt=\"\" width=\"630\" height=\"916\" \/><\/a><\/p>\n<p><strong>Pop Rich\u00e1rd: &#8211;<\/strong> Nem \u00e1lltak bele t\u00fal j\u00f3l a meccsbe a sr\u00e1cok, az els\u0151 h\u00e1rom nagy helyzet\u00fcnket is elpusk\u00e1ztuk&#8230;Ennek ellen\u00e9re egy pillanatig sem volt k\u00e9rd\u00e9ses a gy\u0151zelm\u00fcnk, de enn\u00e9l pontosabb \u00e9s g\u00f3lra t\u00f6r\u0151bb j\u00e1t\u00e9kra lesz sz\u00fcks\u00e9g a tov\u00e1bbiakban!<\/p>\n<p><strong>J\u00f3k:<\/strong> M\u00e1t\u00e9 Gerg\u0151, Horv\u00e1th \u00c1kos, Mondok Rich\u00e1rd<\/p>\n<p><a id=\"set-post-thumbnail\" class=\"thickbox\" href=\"http:\/\/csepelfc.hu\/wp-admin\/media-upload.php?post_id=1976&amp;type=image&amp;TB_iframe=1\" aria-describedby=\"set-post-thumbnail-desc\"><img loading=\"lazy\" class=\"attachment-266x266 \" src=\"http:\/\/csepelfc.hu\/wp-content\/uploads\/2017\/11\/Csepel-Nagyt\u00e9t\u00e9nyBLSZU19.jpg\" sizes=\"(max-width: 183px) 100vw, 183px\" alt=\"\" width=\"623\" height=\"906\" \/><\/a><\/p>\n<p><strong>Kincses B\u00e9la:<\/strong> &#8211; Neh\u00e9z err\u0151l a m\u00e9rk\u0151z\u00e9sr\u0151l p\u00e1r mondatban besz\u00e9lni&#8230; Ellenfel\u00fcnk rendk\u00edv\u00fcli m\u00f3don \u00f6r\u00fclt a megszerzett pontnak, ami n\u00e1lunk azt jelentette, hogy kett\u0151t vesz\u00edtett\u00fcnk! Hatalmas egy\u00e9ni hib\u00e1kkal tark\u00edtott tal\u00e1lkoz\u00f3n vagyunk t\u00fal, ahol a kapott g\u00f3lunk is sok mindenr\u0151l tan\u00faskodik: a f\u00e9lp\u00e1ly\u00e1r\u00f3l bek\u00eds\u00e9rt\u00fck a kapunkba labd\u00e1st\u00f3l\u00a0az ellenfelet, ez m\u00e1r ilyen szinten is megengedhetetlen! A kapusunknak ezen k\u00edv\u00fcl dolga sem akadt, \u00edgy igaz\u00e1n elgondolkodtat\u00f3, hogy vajon mi\u00e9rt is nem nyert\u00fck meg ezt a meccset&#8230; M\u00e9g Kaszab Feri egyenl\u00edt\u0151 g\u00f3lj\u00e1n\u00e1l is bizakodtam benne, hogy megszerezz\u00fck a gy\u0151zelmet, \u00e1m ezzel sajnos magamra maradtam, mert n\u00e9h\u00e1ny j\u00e1t\u00e9kos eg\u00e9szen m\u00e1sk\u00e9nt gondolkodott \u00e9s cselekedett&#8230; Hozz\u00e1 kell tennem hogy a k\u00e9nyszer\u0171\u00a0cser\u00e9inkkel is\u00a0egyre gyeng\u00fclt a csapat&#8230; Amikor hat m\u00e9terr\u0151l, \u00fcres kapura ki tudunk hagyni egy ord\u00edt\u00f3 ziccert, akkor k\u00e9rdem \u00e9n, mir\u0151l is besz\u00e9l\u00fcnk? Ez ak\u00e1rmilyen szinten, ak\u00e1rmilyen koroszt\u00e1lyban elfogadhatatlan. Legink\u00e1bb a fejekben l\u00e1tom a probl\u00e9m\u00e1t: nem \u00fagy j\u00f6v\u00fcnk a meccsre, hogy az megfeleljen\u00a0a k\u00f6vetelm\u00e9nyeknek: ez vonatkozik az \u00e9tkez\u00e9sre, a pihen\u00e9sre,\u00a0\u00e9s a napjainkban oly divatos \u00a0mobiltelefonoz\u00e1sokra&#8230; Mondom ezt, lassan h\u00e1rom h\u00f3napnyi k\u00f6z\u00f6s munka ut\u00e1n. \u00d6sszess\u00e9g\u00e9ben teh\u00e1t egy elvesztegetett k\u00e9t pontr\u00f3l besz\u00e9l\u00fcnk, ami majd a v\u00e9gelsz\u00e1mol\u00e1sn\u00e1l nagyon fog hi\u00e1nyozni!<\/p>\n<p><strong>J\u00f3k:<\/strong> N\u00e1das Kriszti\u00e1n, Kaszab Ferenc, Garai \u00c1d\u00e1m<\/p>\n<p><a id=\"set-post-thumbnail\" class=\"thickbox\" href=\"http:\/\/csepelfc.hu\/wp-admin\/media-upload.php?post_id=1976&amp;type=image&amp;TB_iframe=1\" aria-describedby=\"set-post-thumbnail-desc\"><img loading=\"lazy\" class=\"attachment-266x266 \" src=\"http:\/\/csepelfc.hu\/wp-content\/uploads\/2017\/11\/Csepel-EsztergomU15.jpg\" sizes=\"(max-width: 183px) 100vw, 183px\" alt=\"\" width=\"642\" height=\"933\" \/><\/a><\/p>\n<p><strong>Elekes Zsolt:<\/strong> &#8211; Sajnos rajtunk k\u00edv\u00fcl\u00e1ll\u00f3 okokb\u00f3l kifoly\u00f3lag ism\u00e9t t\u00f6bb h\u00f3napre elvesz\u00edtett\u00fck egyik j\u00e1t\u00e9kosunkat&#8230; Eg\u00e9szen hihetetlen mit szenved el ez a koroszt\u00e1lyunk a balszerencs\u00e9s s\u00e9r\u00fcl\u00e9sek ok\u00e1n!Nagyon j\u00f3 meccset j\u00e1tszottunk, kicsit nagyobb hittel m\u00e9g jobb eredm\u00e9nyt tudtunk volna el\u00e9rni.<\/p>\n<p><strong>J\u00f3k:<\/strong> &#8211;<\/p>\n<p><a id=\"set-post-thumbnail\" class=\"thickbox\" href=\"http:\/\/csepelfc.hu\/wp-admin\/media-upload.php?post_id=1976&amp;type=image&amp;TB_iframe=1\" aria-describedby=\"set-post-thumbnail-desc\"><img loading=\"lazy\" class=\"attachment-266x266 \" src=\"http:\/\/csepelfc.hu\/wp-content\/uploads\/2017\/11\/Csepel-EsztergomU14.jpg\" sizes=\"(max-width: 197px) 100vw, 197px\" alt=\"\" width=\"654\" height=\"880\" \/><\/a><\/p>\n<p><strong>Elekes Zsolt:<\/strong> &#8211; V\u00e9gi uraltuk a tal\u00e1lkoz\u00f3t, hi\u00e1ny\u00e9rzetem m\u00e9gis van: m\u00e9gpedig az elpusk\u00e1zott helyzeteink miatt! Magabiztos gy\u0151zelm\u00fcnk \u00e9rt\u00e9k\u00e9t n\u00f6veli, hogy nem kaptunk g\u00f3lt egy j\u00f3 csapat ellen. A h\u00e1tra l\u00e9v\u0151, k\u00e9t idei tal\u00e1lkoz\u00f3nkat is meg kell nyern\u00fcnk!<\/p>\n<p><strong>J\u00f3k:<\/strong> &#8211;<\/p>\n<p>&nbsp;<\/p>\n<p>&nbsp;<\/p>\n","protected":false},"excerpt":{"rendered":"<div class=\"mh-excerpt\"><p>Az Iv\u00e1ncsa KSE otthon\u00e1b\u00f3l mind a hat pontot elhozta U17-es \u00e9s U19-es egy\u00fcttes\u00fcnk, m\u00edg idehaza a BLSZ-es U19 nem b\u00edrt a Nagyt\u00e9t\u00e9nnyel, csak \u00fagy, mint U15-\u00f6s csapatunk az Esztergommal, de <a class=\"mh-excerpt-more\" href=\"http:\/\/csepelfc.hu\/index.php\/2017\/11\/23\/up-tiz-csepeli-pontot-hozott-a-hetvegi-fordulo\/\" title=\"UP: t\u00edz csepeli pontot hozott a h\u00e9tv\u00e9gi fordul\u00f3\">[tov\u00e1bb&#8230;]<\/a><\/p>\n<\/div>","protected":false},"author":4,"featured_media":1983,"comment_status":"closed","ping_status":"open","sticky":false,"template":"","format":"standard","meta":{"jetpack_publicize_message":"","jetpack_is_tweetstorm":false,"jetpack_publicize_feature_enabled":true},"categories":[1,3],"tags":[],"jetpack_publicize_connections":[],"jetpack_featured_media_url":"http:\/\/csepelfc.hu\/wp-content\/uploads\/2017\/11\/Csepel-EsztergomU14Foto.jpg","jetpack_sharing_enabled":true,"jetpack_shortlink":"https:\/\/wp.me\/p83FEU-vS","_links":{"self":[{"href":"http:\/\/csepelfc.hu\/index.php\/wp-json\/wp\/v2\/posts\/1976"}],"collection":[{"href":"http:\/\/csepelfc.hu\/index.php\/wp-json\/wp\/v2\/posts"}],"about":[{"href":"http:\/\/csepelfc.hu\/index.php\/wp-json\/wp\/v2\/types\/post"}],"author":[{"embeddable":true,"href":"http:\/\/csepelfc.hu\/index.php\/wp-json\/wp\/v2\/users\/4"}],"replies":[{"embeddable":true,"href":"http:\/\/csepelfc.hu\/index.php\/wp-json\/wp\/v2\/comments?post=1976"}],"version-history":[{"count":8,"href":"http:\/\/csepelfc.hu\/index.php\/wp-json\/wp\/v2\/posts\/1976\/revisions"}],"predecessor-version":[{"id":1990,"href":"http:\/\/csepelfc.hu\/index.php\/wp-json\/wp\/v2\/posts\/1976\/revisions\/1990"}],"wp:featuredmedia":[{"embeddable":true,"href":"http:\/\/csepelfc.hu\/index.php\/wp-json\/wp\/v2\/media\/1983"}],"wp:attachment":[{"href":"http:\/\/csepelfc.hu\/index.php\/wp-json\/wp\/v2\/media?parent=1976"}],"wp:term":[{"taxonomy":"category","embeddable":true,"href":"http:\/\/csepelfc.hu\/index.php\/wp-json\/wp\/v2\/categories?post=1976"},{"taxonomy":"post_tag","embeddable":true,"href":"http:\/\/csepelfc.hu\/index.php\/wp-json\/wp\/v2\/tags?post=1976"}],"curies":[{"name":"wp","href":"https:\/\/api.w.org\/{rel}","templated":true}]}}