{"id":1955,"date":"2017-11-18T16:41:38","date_gmt":"2017-11-18T15:41:38","guid":{"rendered":"http:\/\/csepelfc.hu\/?p=1955"},"modified":"2017-11-18T16:41:38","modified_gmt":"2017-11-18T15:41:38","slug":"nem-jott-ossze-a-pontszerzes-andrashidan","status":"publish","type":"post","link":"http:\/\/csepelfc.hu\/index.php\/2017\/11\/18\/nem-jott-ossze-a-pontszerzes-andrashidan\/","title":{"rendered":"Nem j\u00f6tt \u00f6ssze a pontszerz\u00e9s Andr\u00e1shid\u00e1n"},"content":{"rendered":"<p>B\u00e1r re\u00e1lis es\u00e9ly lett volna r\u00e1, m\u00e9gsem siker\u00fclt pontot szerezn\u00fcnk az odahaza kellemetlen ellenf\u00e9lnek sz\u00e1m\u00edt\u00f3 Andr\u00e1shid\u00e1t\u00f3l. A vezet\u00e9st Haraszk\u00f3 S\u00e1ndor r\u00e9v\u00e9n mi szerezt\u00fck meg, de a v\u00e9g\u00e9n ford\u00edtani tudtak a hazaiak.<!--more--><\/p>\n<p><strong>Andr\u00e1shida &#8211; Csepel FC 2:1 (1:1)<\/strong><\/p>\n<p>Andr\u00e1shida, 120 n\u00e9z\u0151. Jv.: dr. Jakab.<\/p>\n<p><strong>Andr\u00e1shida:<\/strong> Horv\u00e1th M. \u2013 Horv\u00e1th T., Balla, Major, Nagy Z. \u2013 Kov\u00e1cs L., Szegleti \u2013 Ferencz Z. (Szab\u00f3 M., 73.), T\u00f3th L. (Tak\u00e1cs, 86.), Varga M. (Marsai, 77.) \u2013 Vittman. Edz\u0151: Dobos S\u00e1ndor.<\/p>\n<p><strong>Csepel FC:<\/strong> L\u0151rincz P\u00e9ter &#8211; Hesz Oliv\u00e9r, Szab\u00f3 \u00c1d\u00e1, (Tepl\u00e1n J\u00e1nos &#8217;75), D\u00e9vai Csaba (T\u00f3th M\u00e1rton &#8217;59), Korozm\u00e1n Norbert (V\u00e1czi D\u00e1niel &#8217;79), T\u00f3th Csaba, Haraszk\u00f3 S\u00e1ndor, Sebesty\u00e9n L\u00e1szl\u00f3, Marczinka Tam\u00e1s, Simon Kriszti\u00e1n, Somodi \u00c1d\u00e1m Edz\u0151: Gabala Kriszti\u00e1n<\/p>\n<p><strong>G\u00f3lszerz\u0151k:<\/strong> Szegleti (36.), Vittman (78. \u2013 11-esb\u0151l), illetve Haraszk\u00f3 (10.)<\/p>\n<p>A Zala Megye Online besz\u00e1mol\u00f3ja szerint az Andr\u00e1shida hazai p\u00e1ly\u00e1n a h\u00e1rom pont begy\u0171jt\u00e9s\u00e9re k\u00e9sz\u00fclt, \u00e1m a 10. percben egy sz\u00f6glet ut\u00e1n Haraszk\u00f3 S\u00e1ndor r\u00e9v\u00e9n mi szerezt\u00fck meg a vezet\u00e9st. Ezt k\u00f6vet\u0151en a hazaiak a 36. percben Szegleti r\u00e9v\u00e9n egy 17 m\u00e9teres l\u00f6v\u00e9ssel egyenl\u00edtettek. A m\u00e1sodik f\u00e9lid\u0151ben a kapusok vett\u00e9k \u00e1t a f\u0151szerepet. A 62. percben Vittman t\u00f6rt be a tizenhatosunkra, ahol ler\u00e1ntott\u00e1k. A meg\u00edt\u00e9lt b\u00fcntet\u0151t T\u00f3th L\u00e1szl\u00f3 l\u0151tte, L\u0151rincz P\u00e9ter v\u00e9dett. Alig h\u00e1rom perc m\u00falva a hazaiak r\u00e9sz\u00e9r\u0151l Major v\u00e1gta fel egyik j\u00e1t\u00e9kosunkat, ez is b\u00fcntet\u0151t. A labda m\u00f6g\u00e9 Korozm\u00e1n \u00e1llt, a kapuban pedig Horv\u00e1th M\u00e1rton, aki a jobb sarokra helyezett l\u00f6v\u00e9st nagy vet\u0151d\u00e9ssel kifogta! Korozm\u00e1n ezzel egym\u00e1st k\u00f6vet\u0151en m\u00e1sodik\u00a0 b\u00fcntet\u0151j\u00e9t hagyta ki! A 72. percben Vittman alig fejelt f\u00f6l\u00e9. A 78. percben Szegleti t\u00f6rt be balr\u00f3l a 16-oson bel\u00fclre, megtolta a labd\u00e1t, egy v\u00e9d\u0151 pedig lek\u00e9sett r\u00f3la, a l\u00e1b\u00e1t tal\u00e1lta el. Ez is 11-es! A labda m\u00f6g\u00e9 Vittman \u00e1llt, aki nem hib\u00e1zott \u00e9s f\u00e9lmagasan a kapuba l\u0151tt, 2-1. Vesztes \u00e1ll\u00e1sn\u00e1l egy\u00fcttes\u00fcnk sokkal jobban kiny\u00edlt, amit el\u0151re l\u0151tt labd\u00e1kkal pr\u00f3b\u00e1lt kihaszn\u00e1lni az Andr\u00e1shida, de id\u0151ben visszaz\u00e1rtunk. A hazaiak pr\u00f3b\u00e1ltak m\u00e1r az id\u0151vel is j\u00e1tszani, hiszen ez az eredm\u00e9ny sz\u00e1mukra t\u00f6k\u00e9letesen megfelelt \u00e9s a m\u00e9rk\u0151z\u00e9s \u00edgy \u00e9rt v\u00e9get. A d\u00f6ntetlen re\u00e1lisabb eredm\u00e9ny lett volna, de m\u00edg a vend\u00e9gl\u00e1t\u00f3k legal\u00e1bb az egyik 11-es\u00fcket \u00e9rt\u00e9kes\u00edtett\u00e9k, nek\u00fcnk imm\u00e1r m\u00e1sodik meccs\u00fcnk\u00f6n sem siker\u00fclt ugyanez&#8230;<\/p>\n<p>Forr\u00e1s: zaol.hu<\/p>\n<p>&nbsp;<\/p>\n","protected":false},"excerpt":{"rendered":"<div class=\"mh-excerpt\"><p>B\u00e1r re\u00e1lis es\u00e9ly lett volna r\u00e1, m\u00e9gsem siker\u00fclt pontot szerezn\u00fcnk az odahaza kellemetlen ellenf\u00e9lnek sz\u00e1m\u00edt\u00f3 Andr\u00e1shid\u00e1t\u00f3l. A vezet\u00e9st Haraszk\u00f3 S\u00e1ndor r\u00e9v\u00e9n mi szerezt\u00fck meg, de a v\u00e9g\u00e9n ford\u00edtani tudtak a <a class=\"mh-excerpt-more\" href=\"http:\/\/csepelfc.hu\/index.php\/2017\/11\/18\/nem-jott-ossze-a-pontszerzes-andrashidan\/\" title=\"Nem j\u00f6tt \u00f6ssze a pontszerz\u00e9s Andr\u00e1shid\u00e1n\">[tov\u00e1bb&#8230;]<\/a><\/p>\n<\/div>","protected":false},"author":4,"featured_media":1956,"comment_status":"closed","ping_status":"open","sticky":false,"template":"","format":"standard","meta":{"jetpack_publicize_message":"","jetpack_is_tweetstorm":false,"jetpack_publicize_feature_enabled":true},"categories":[1,7],"tags":[],"jetpack_publicize_connections":[],"jetpack_featured_media_url":"http:\/\/csepelfc.hu\/wp-content\/uploads\/2017\/11\/Andr\u00e1shida-Csepel.jpg","jetpack_sharing_enabled":true,"jetpack_shortlink":"https:\/\/wp.me\/p83FEU-vx","_links":{"self":[{"href":"http:\/\/csepelfc.hu\/index.php\/wp-json\/wp\/v2\/posts\/1955"}],"collection":[{"href":"http:\/\/csepelfc.hu\/index.php\/wp-json\/wp\/v2\/posts"}],"about":[{"href":"http:\/\/csepelfc.hu\/index.php\/wp-json\/wp\/v2\/types\/post"}],"author":[{"embeddable":true,"href":"http:\/\/csepelfc.hu\/index.php\/wp-json\/wp\/v2\/users\/4"}],"replies":[{"embeddable":true,"href":"http:\/\/csepelfc.hu\/index.php\/wp-json\/wp\/v2\/comments?post=1955"}],"version-history":[{"count":1,"href":"http:\/\/csepelfc.hu\/index.php\/wp-json\/wp\/v2\/posts\/1955\/revisions"}],"predecessor-version":[{"id":1957,"href":"http:\/\/csepelfc.hu\/index.php\/wp-json\/wp\/v2\/posts\/1955\/revisions\/1957"}],"wp:featuredmedia":[{"embeddable":true,"href":"http:\/\/csepelfc.hu\/index.php\/wp-json\/wp\/v2\/media\/1956"}],"wp:attachment":[{"href":"http:\/\/csepelfc.hu\/index.php\/wp-json\/wp\/v2\/media?parent=1955"}],"wp:term":[{"taxonomy":"category","embeddable":true,"href":"http:\/\/csepelfc.hu\/index.php\/wp-json\/wp\/v2\/categories?post=1955"},{"taxonomy":"post_tag","embeddable":true,"href":"http:\/\/csepelfc.hu\/index.php\/wp-json\/wp\/v2\/tags?post=1955"}],"curies":[{"name":"wp","href":"https:\/\/api.w.org\/{rel}","templated":true}]}}