{"id":1893,"date":"2017-11-04T19:35:49","date_gmt":"2017-11-04T18:35:49","guid":{"rendered":"http:\/\/csepelfc.hu\/?p=1893"},"modified":"2017-11-04T19:37:48","modified_gmt":"2017-11-04T18:37:48","slug":"pontot-raboltunk-a-listavezetotol","status":"publish","type":"post","link":"http:\/\/csepelfc.hu\/index.php\/2017\/11\/04\/pontot-raboltunk-a-listavezetotol\/","title":{"rendered":"Pontot raboltunk a listavezet\u0151t\u0151l!"},"content":{"rendered":"<p>Nem csak az id\u0151j\u00e1r\u00e1s miatt \u00e9rte meg kil\u00e1togatni szombat d\u00e9lut\u00e1n a Csepel FC- Kaposv\u00e1ri R\u00e1k\u00f3czi NB III-as bajnoki m\u00e9rk\u0151z\u00e9sre. A bajnokes\u00e9lyes Kaposv\u00e1r nem b\u00edrt a biztos l\u00e1bakon \u00e1ll\u00f3 v\u00e9delm\u00fcnkkel \u00e9s kapusunkkal sem, \u00edgy fontos pontra tett\u00fcnk szert.<!--more-->A k\u00e9t csapat \u00f6sszecsap\u00e1s\u00e1n els\u0151sorban a k\u00fczdelem domin\u00e1lt, ugyanakkor a j\u00f3val er\u0151sebb j\u00e1t\u00e9koskerettel rendelkez\u0151 Somogy megyeiek el\u0151tt ad\u00f3dott n\u00e9h\u00e1ny, g\u00f3llal kecsegtet\u0151 lehet\u0151s\u00e9g, amit vagy a remek napot kifog\u00f3 L\u0151rincz kapus akad\u00e1lyozott meg, vagy a v\u00e9delm\u00fcnk \u00e1llta j\u00f3l a sarat. \u00d6sszess\u00e9g\u00e9ben elmondhat\u00f3, hogy -b\u00e1r egy ideig emberel\u0151nyben is j\u00e1tszottunk- igazs\u00e1gos d\u00f6ntetlen sz\u00fcletett. R\u00e9szletek k\u00e9s\u0151bb!<\/p>\n","protected":false},"excerpt":{"rendered":"<div class=\"mh-excerpt\"><p>Nem csak az id\u0151j\u00e1r\u00e1s miatt \u00e9rte meg kil\u00e1togatni szombat d\u00e9lut\u00e1n a Csepel FC- Kaposv\u00e1ri R\u00e1k\u00f3czi NB III-as bajnoki m\u00e9rk\u0151z\u00e9sre. A bajnokes\u00e9lyes Kaposv\u00e1r nem b\u00edrt a biztos l\u00e1bakon \u00e1ll\u00f3 v\u00e9delm\u00fcnkkel \u00e9s <a class=\"mh-excerpt-more\" href=\"http:\/\/csepelfc.hu\/index.php\/2017\/11\/04\/pontot-raboltunk-a-listavezetotol\/\" title=\"Pontot raboltunk a listavezet\u0151t\u0151l!\">[tov\u00e1bb&#8230;]<\/a><\/p>\n<\/div>","protected":false},"author":4,"featured_media":1894,"comment_status":"closed","ping_status":"open","sticky":false,"template":"","format":"standard","meta":{"jetpack_publicize_message":"","jetpack_is_tweetstorm":false,"jetpack_publicize_feature_enabled":true},"categories":[1,7],"tags":[],"jetpack_publicize_connections":[],"jetpack_featured_media_url":"http:\/\/csepelfc.hu\/wp-content\/uploads\/2017\/11\/Csepel-Kaposv\u00e1r.jpg","jetpack_sharing_enabled":true,"jetpack_shortlink":"https:\/\/wp.me\/p83FEU-ux","_links":{"self":[{"href":"http:\/\/csepelfc.hu\/index.php\/wp-json\/wp\/v2\/posts\/1893"}],"collection":[{"href":"http:\/\/csepelfc.hu\/index.php\/wp-json\/wp\/v2\/posts"}],"about":[{"href":"http:\/\/csepelfc.hu\/index.php\/wp-json\/wp\/v2\/types\/post"}],"author":[{"embeddable":true,"href":"http:\/\/csepelfc.hu\/index.php\/wp-json\/wp\/v2\/users\/4"}],"replies":[{"embeddable":true,"href":"http:\/\/csepelfc.hu\/index.php\/wp-json\/wp\/v2\/comments?post=1893"}],"version-history":[{"count":3,"href":"http:\/\/csepelfc.hu\/index.php\/wp-json\/wp\/v2\/posts\/1893\/revisions"}],"predecessor-version":[{"id":1897,"href":"http:\/\/csepelfc.hu\/index.php\/wp-json\/wp\/v2\/posts\/1893\/revisions\/1897"}],"wp:featuredmedia":[{"embeddable":true,"href":"http:\/\/csepelfc.hu\/index.php\/wp-json\/wp\/v2\/media\/1894"}],"wp:attachment":[{"href":"http:\/\/csepelfc.hu\/index.php\/wp-json\/wp\/v2\/media?parent=1893"}],"wp:term":[{"taxonomy":"category","embeddable":true,"href":"http:\/\/csepelfc.hu\/index.php\/wp-json\/wp\/v2\/categories?post=1893"},{"taxonomy":"post_tag","embeddable":true,"href":"http:\/\/csepelfc.hu\/index.php\/wp-json\/wp\/v2\/tags?post=1893"}],"curies":[{"name":"wp","href":"https:\/\/api.w.org\/{rel}","templated":true}]}}