{"id":1835,"date":"2017-10-27T18:28:42","date_gmt":"2017-10-27T17:28:42","guid":{"rendered":"http:\/\/csepelfc.hu\/?p=1835"},"modified":"2017-10-27T18:34:21","modified_gmt":"2017-10-27T17:34:21","slug":"up-golgazdag-sikerek-varatlan-pontvesztesek-forduloja","status":"publish","type":"post","link":"http:\/\/csepelfc.hu\/index.php\/2017\/10\/27\/up-golgazdag-sikerek-varatlan-pontvesztesek-forduloja\/","title":{"rendered":"UP: g\u00f3lgazdag sikerek, v\u00e1ratlan pontveszt\u00e9sek fordul\u00f3ja"},"content":{"rendered":"<p>A Csepel FC ut\u00e1np\u00f3tl\u00e1sa folytatta szerepl\u00e9s\u00e9t \u00e9s az elm\u00falt h\u00e9ten is volt r\u00e9sze sikerben, csal\u00f3d\u00e1sban egyar\u00e1nt labdar\u00fag\u00f3inknak. Nagy \u00f6r\u00f6m, hogy U19-es csapatunk tov\u00e1bbra is veretlen\u00fcl vezeti bajnoks\u00e1g\u00e1t, de az U15 \u00e9s a BLSZ-es U17 is \u00f3l szerepelt, ahol Lipl Noel 4 g\u00f3llal t\u00e9rt vissza hossz\u00fa betegs\u00e9g\u00e9b\u0151l.<!--more--><a id=\"set-post-thumbnail\" class=\"thickbox\" href=\"http:\/\/csepelfc.hu\/wp-admin\/media-upload.php?post_id=1835&amp;type=image&amp;TB_iframe=1\" aria-describedby=\"set-post-thumbnail-desc\"><img loading=\"lazy\" class=\"attachment-266x266 \" src=\"http:\/\/csepelfc.hu\/wp-content\/uploads\/2017\/10\/Csepel-Taksony-U19.jpg\" sizes=\"(max-width: 192px) 100vw, 192px\" alt=\"\" width=\"649\" height=\"899\" \/><\/a><\/p>\n<p><strong>Borda Viktor: <\/strong>-El\u0151zetesen sokat nem tudtunk ellenfel\u00fcnk j\u00e1t\u00e9kerej\u00e9r\u0151l, ez\u00e9rt semmit nem akartunk a v\u00e9letlenre b\u00edzni, agressz\u00edv let\u00e1mad\u00e1ssal est\u00fcnk nekik, ami meg is hozta az eredm\u00e9ny\u00e9t, mert a 8. percben m\u00e1r 3:0-ra vezett\u00fcnk. Ezzzel gyakorlatilag el is d\u0151lt a meccs&#8230;Innent\u0151l fogva egy kifejezetten &#8220;kellemes&#8221; m\u00e9rk\u0151z\u00e9st j\u00e1tszottunk, ami a f\u00e9lid\u0151 v\u00e9g\u00e9re tetemes el\u0151nyt eredm\u00e9nyezett, amit a m\u00e1sodikban tov\u00e1bbiakkal toldottunk meg. A meccsnek k\u00fcl\u00f6n pozit\u00edvuma, hogy minden j\u00e1t\u00e9kosomnak lehet\u0151s\u00e9get tudtam adni, akik \u00e9ltek vele, mindenki kiegyens\u00falyozott, j\u00f3 teljes\u00edtm\u00e9nyt ny\u00fajtott.<strong><br \/>\n<\/strong><\/p>\n<p><strong>J\u00f3k:<\/strong> Kaszab Ferenc, Vit\u00e1rius Gerg\u0151, Szab\u00f3 Rich\u00e1rd<\/p>\n<p><a id=\"set-post-thumbnail\" class=\"thickbox\" href=\"http:\/\/csepelfc.hu\/wp-admin\/media-upload.php?post_id=1835&amp;type=image&amp;TB_iframe=1\" aria-describedby=\"set-post-thumbnail-desc\"><img loading=\"lazy\" class=\"attachment-266x266 \" src=\"http:\/\/csepelfc.hu\/wp-content\/uploads\/2017\/10\/Csepel-Taksony-U17.jpg\" sizes=\"(max-width: 189px) 100vw, 189px\" alt=\"\" width=\"641\" height=\"902\" \/><\/a><\/p>\n<p><strong>Pop Rich\u00e1rd:\u00a0 <\/strong>&#8211; Sajnos rossz napot fogtunk ki, nem \u00fagy siker\u00fcltek a dolgok, ahogy eltervezt\u00fck, semmire nem lehet r\u00e1fogni, hogy nem gy\u0151zelemmel hagytuk el a j\u00e1t\u00e9kteret. \u00c9n k\u00e9sz\u00edtem fel a csapatot, \u00fagyhogy a magam felel\u0151ss\u00e9ge is \u00e9ppn \u00fagy megvan, mint a sr\u00e1cok\u00e9. A j\u00f6v\u0151 h\u00e9ten szeretn\u00e9nk jav\u00edtani a Di\u00f3sd elleni rangad\u00f3n<strong><br \/>\n<\/strong><\/p>\n<p><strong>J\u00f3k:<\/strong> Strum Gerg\u0151, Mondok Rich\u00e1rd, Hinics Mil\u00e1n<\/p>\n<p><a id=\"set-post-thumbnail\" class=\"thickbox\" href=\"http:\/\/csepelfc.hu\/wp-admin\/media-upload.php?post_id=1835&amp;type=image&amp;TB_iframe=1\" aria-describedby=\"set-post-thumbnail-desc\"><img loading=\"lazy\" class=\"attachment-266x266 \" src=\"http:\/\/csepelfc.hu\/wp-content\/uploads\/2017\/10\/Csepel-Grund-U15.jpg\" sizes=\"(max-width: 205px) 100vw, 205px\" alt=\"\" width=\"635\" height=\"827\" \/><\/a><\/p>\n<p><strong>Elekes Zsolt:<\/strong> -Egy nagyon j\u00f3 csapat ellen szenvedt\u00fcnk tisztess\u00e9ges veres\u00e9get. Rengeteg a hi\u00e1nyz\u00f3nk, de tisztess\u00e9ggel k\u00fczd\u00fcnk, dolgozunk tov\u00e1bb t\u00f6bb-kevesebb sikerrel&#8230; Sok sikert k\u00edv\u00e1nok ifj\u00fa koll\u00e9g\u00e1mnak Buzs\u00e1ky \u00c1kosnak edz\u0151i p\u00e1lyafut\u00e1s\u00e1hoz, nagyon szimpatikus, ahogy a gyerekekkel dolgozik!<\/p>\n<p>J\u00f3k: &#8211;<\/p>\n<p><a id=\"set-post-thumbnail\" class=\"thickbox\" href=\"http:\/\/csepelfc.hu\/wp-admin\/media-upload.php?post_id=1835&amp;type=image&amp;TB_iframe=1\" aria-describedby=\"set-post-thumbnail-desc\"><img loading=\"lazy\" class=\"attachment-266x266 \" src=\"http:\/\/csepelfc.hu\/wp-content\/uploads\/2017\/10\/Csepel-Grund-U14.jpg\" sizes=\"(max-width: 199px) 100vw, 199px\" alt=\"\" width=\"634\" height=\"847\" \/><\/a><\/p>\n<p><strong>Elekes Zsolt: <\/strong>&#8211; Hat nap alatt j\u00e1tszunk le 3 m\u00e9rk\u0151z\u00e9st, amib\u0151l ez volt az els\u0151, ami nagyon nehezen indult&#8230;Kapkodva j\u00e1tszottunk, pontatlanok voltunk az els\u0151 f\u00e9lid\u0151ben&#8230; Sz\u00fcnet ut\u00e1n v\u00e9gre feljavultunk, sz\u00e9p g\u00f3lokat szerezt\u00fcnk. Kezd\u00fcnk f\u00e1radni de meg fogjuk oldani a feladatainkat.<\/p>\n<p><strong>J\u00f3k:<\/strong> Zs\u00edros B\u00e1lint, Orosz B\u00e1lint, S\u00fck\u00f6sd Kriszti\u00e1n, P\u00e1sztor P\u00e9ter, Urbin Martin<\/p>\n<p style=\"text-align: center;\"><strong>Az U14 \u00e9s U15 I. fordul\u00f3b\u00f3l elhalasztott m\u00e9rk\u0151z\u00e9sei:<\/strong><\/p>\n<p><a id=\"set-post-thumbnail\" class=\"thickbox\" href=\"http:\/\/csepelfc.hu\/wp-admin\/media-upload.php?post_id=1835&amp;type=image&amp;TB_iframe=1\" aria-describedby=\"set-post-thumbnail-desc\"><img loading=\"lazy\" class=\"attachment-266x266 \" src=\"http:\/\/csepelfc.hu\/wp-content\/uploads\/2017\/10\/RKSK-CsepelU14.jpg\" sizes=\"(max-width: 197px) 100vw, 197px\" alt=\"\" width=\"633\" height=\"855\" \/><\/a><\/p>\n<p><strong>Elekes Zsolt: <\/strong>-Nem j\u00e1tszottunk j\u00f3l, keveset birtokoltuk a labd\u00e1t, \u00e9s sajnos belement\u00fcnk az ellenf\u00e9l durva j\u00e1t\u00e9k\u00e1ba. K\u00fczd\u0151szellem\u00fcnk, csapategys\u00e9g\u00fcnk volt a kulcs a gy\u0151zelemhez \u00e9s 2-3 j\u00f3 egy\u00e9ni teljes\u00edtm\u00e9ny vezetett a v\u00e9g\u00e9n sima gy\u0151zelm\u00fcnkh\u00f6z. Tov\u00e1bbra is tal\u00e1ny, hogy mi\u00e9rt kellett ennyire durv\u00e1n j\u00e1tszania ellenfel\u00fcnknek&#8230;<\/p>\n<p><strong>J\u00f3k:<\/strong> Tornyos Benedek, S\u00fck\u00f6sd Kriszti\u00e1n<\/p>\n<p><a id=\"set-post-thumbnail\" class=\"thickbox\" href=\"http:\/\/csepelfc.hu\/wp-admin\/media-upload.php?post_id=1835&amp;type=image&amp;TB_iframe=1\" aria-describedby=\"set-post-thumbnail-desc\"><img loading=\"lazy\" class=\"attachment-266x266 \" src=\"http:\/\/csepelfc.hu\/wp-content\/uploads\/2017\/10\/RKSK-CsepelU15.jpg\" sizes=\"(max-width: 209px) 100vw, 209px\" alt=\"\" width=\"632\" height=\"804\" \/><\/a><\/p>\n<p><strong>Elekes Zsolt: <\/strong>-Sajnos nem tudtuk a h\u00e9tv\u00e9gi j\u00f3 teljes\u00edtm\u00e9ny\u00fcnket megism\u00e9telni, gy\u00e1v\u00e1n futballoztunk, kev\u00e9s p\u00e1rharcot nyert\u00fcnk meg f\u0151leg az els\u0151 f\u00e9lid\u0151ben.Sz\u00fcnet ut\u00e1n feljavultunk, s ha hitt\u00fcnk volna magunkban ak\u00e1r ponttal is t\u00e1vozhattunk volna!<\/p>\n<p><strong>J\u00f3k:<\/strong> &#8211;<\/p>\n<p><a id=\"set-post-thumbnail\" class=\"thickbox\" href=\"http:\/\/csepelfc.hu\/wp-admin\/media-upload.php?post_id=1835&amp;type=image&amp;TB_iframe=1\" aria-describedby=\"set-post-thumbnail-desc\"><img loading=\"lazy\" class=\"attachment-266x266 \" src=\"http:\/\/csepelfc.hu\/wp-content\/uploads\/2017\/10\/Csepel-\u00dajpest-BLSZU19.jpg\" sizes=\"(max-width: 211px) 100vw, 211px\" alt=\"\" width=\"630\" height=\"793\" \/><\/a><\/p>\n<p><strong>Kincses B\u00e9la: &#8211;<\/strong>Az els\u0151 f\u00e9lid\u0151 alapj\u00e1n mindv\u00e9gig az j\u00e1rt a fejemben, hogy ezt a m\u00e9rk\u0151z\u00e9st tudjuk hozni! Meg is voltak a lehet\u0151s\u00e9geink, amelyekn\u00e9l a legjobb esetben kapuf\u00e1ig jutottunk, vagy egyszer\u0171en elpusk\u00e1ztunk&#8230; Ellenfel\u00fcnk nem sok vesz\u00e9lyt jelentett a kapunkra, \u00edgy a m\u00e1sodik f\u00e9lid\u0151re is megmaradt a bizadalmam a sikert illet\u0151en, \u00e1m egy hatalmas egy\u00e9ni hib\u00e1b\u00f3l ellenfel\u00fcnk vezet\u00e9st szerzett, amit N\u00e1das Kriszti\u00e1n r\u00e9v\u00e9n kiegyenl\u00edtett\u00fcnk, \u00e1m ami ez ut\u00e1n k\u00f6vetkezett arra nem sz\u00e1m\u00edtottam. Egy hatalmas bakit k\u00f6vet\u0151en ism\u00e9t h\u00e1tr\u00e1nyba ker\u00fclt\u00fcnk, \u00e9s miel\u0151tt a k\u00f6z\u00e9pkezd\u00e9sb\u0151l felocs\u00fadtunk volna, m\u00e1ris \u00fajabb g\u00f3lt kaptunk, ami megpecs\u00e9telte sorsunkat&#8230; Amit hi\u00e1nyoltam az a csapategys\u00e9g, a j\u00e1t\u00e9kosok egy r\u00e9sze ugyan hozta az elv\u00e1rtakat, de t\u00f6bben viszont nem! Enn\u00e9l bizony t\u00f6bb kell ahhoz, hogy meccseket tudjunk nyerni! Lencs\u00e9s Attila fegyelmezetlens\u00e9ge k\u00fcl\u00f6n\u00f6sen bosszant\u00f3, saj\u00e1t mag\u00e1nak k\u00f6sz\u00f6nheti, hogy ki\u00e1ll\u00edtott\u00e1k, amivel saj\u00e1t csapat\u00e1t s\u00fajtotta.<\/p>\n<p><strong>J\u00f3k:<\/strong> \u00c1rkocsevics Mil\u00e1n, Gy\u0151ri Barnab\u00e1s, N\u00e1das Kriszti\u00e1n<\/p>\n<p><a id=\"set-post-thumbnail\" class=\"thickbox\" href=\"http:\/\/csepelfc.hu\/wp-admin\/media-upload.php?post_id=1835&amp;type=image&amp;TB_iframe=1\" aria-describedby=\"set-post-thumbnail-desc\"><img loading=\"lazy\" class=\"attachment-266x266 \" src=\"http:\/\/csepelfc.hu\/wp-content\/uploads\/2017\/10\/L\u0151rinc-Utd-CsepelBLSZU17.jpg\" sizes=\"(max-width: 190px) 100vw, 190px\" alt=\"\" width=\"629\" height=\"884\" \/><\/a><\/p>\n<p><strong>Borda Viktor:<\/strong> &#8211; Sok inform\u00e1ci\u00f3nk nem volt ellenfel\u00fcnkr\u0151l, egyet viszont tudtunk: minden j\u00e1t\u00e9kosnak akik eddig kevesebbet l\u00e9ptek p\u00e1ly\u00e1ra, lehet\u0151s\u00e9get szerett\u00fcnk volna biztos\u00edtani. Szerencs\u00e9re ez j\u00f3l s\u00fclt el, r\u00e1ad\u00e1sul visszat\u00e9rt a csapatba a ny\u00e1r \u00f3ta komoly betegs\u00e9ggel k\u00fczd\u0151 Lipl Noel, aki a jelek szerint nem felejtett el futballozni, hiszen n\u00e9gy g\u00f3lt is l\u0151tt&#8230; Az eg\u00e9sz csapat teljes\u00edtm\u00e9nye kiegyens\u00falyozott volt, el\u00e9gedett vagyok a l\u00e1tottakkal, az eredm\u00e9ny t\u00fckr\u00e9ben kiv\u00e1l\u00f3 &#8220;edz\u00e9s&#8221; volt a sr\u00e1coknak.<\/p>\n<p><strong>J\u00f3k:<\/strong> Lipl Noel, M\u00e1t\u00e9 Gerg\u0151, Kaposv\u00e1ri M\u00e1t\u00e9, Farkas Ren\u00e1t\u00f3, Ujfalusi Zsolt<\/p>\n<p>&nbsp;<\/p>\n<p>&nbsp;<\/p>\n<p>&nbsp;<\/p>\n<p>&nbsp;<\/p>\n","protected":false},"excerpt":{"rendered":"<div class=\"mh-excerpt\"><p>A Csepel FC ut\u00e1np\u00f3tl\u00e1sa folytatta szerepl\u00e9s\u00e9t \u00e9s az elm\u00falt h\u00e9ten is volt r\u00e9sze sikerben, csal\u00f3d\u00e1sban egyar\u00e1nt labdar\u00fag\u00f3inknak. Nagy \u00f6r\u00f6m, hogy U19-es csapatunk tov\u00e1bbra is veretlen\u00fcl vezeti bajnoks\u00e1g\u00e1t, de az U15 <a class=\"mh-excerpt-more\" href=\"http:\/\/csepelfc.hu\/index.php\/2017\/10\/27\/up-golgazdag-sikerek-varatlan-pontvesztesek-forduloja\/\" title=\"UP: g\u00f3lgazdag sikerek, v\u00e1ratlan pontveszt\u00e9sek fordul\u00f3ja\">[tov\u00e1bb&#8230;]<\/a><\/p>\n<\/div>","protected":false},"author":4,"featured_media":1852,"comment_status":"closed","ping_status":"open","sticky":false,"template":"","format":"standard","meta":{"jetpack_publicize_message":"","jetpack_is_tweetstorm":false,"jetpack_publicize_feature_enabled":true},"categories":[1,3],"tags":[],"jetpack_publicize_connections":[],"jetpack_featured_media_url":"http:\/\/csepelfc.hu\/wp-content\/uploads\/2017\/10\/Csepel-Meccs.jpg","jetpack_sharing_enabled":true,"jetpack_shortlink":"https:\/\/wp.me\/p83FEU-tB","_links":{"self":[{"href":"http:\/\/csepelfc.hu\/index.php\/wp-json\/wp\/v2\/posts\/1835"}],"collection":[{"href":"http:\/\/csepelfc.hu\/index.php\/wp-json\/wp\/v2\/posts"}],"about":[{"href":"http:\/\/csepelfc.hu\/index.php\/wp-json\/wp\/v2\/types\/post"}],"author":[{"embeddable":true,"href":"http:\/\/csepelfc.hu\/index.php\/wp-json\/wp\/v2\/users\/4"}],"replies":[{"embeddable":true,"href":"http:\/\/csepelfc.hu\/index.php\/wp-json\/wp\/v2\/comments?post=1835"}],"version-history":[{"count":8,"href":"http:\/\/csepelfc.hu\/index.php\/wp-json\/wp\/v2\/posts\/1835\/revisions"}],"predecessor-version":[{"id":1851,"href":"http:\/\/csepelfc.hu\/index.php\/wp-json\/wp\/v2\/posts\/1835\/revisions\/1851"}],"wp:featuredmedia":[{"embeddable":true,"href":"http:\/\/csepelfc.hu\/index.php\/wp-json\/wp\/v2\/media\/1852"}],"wp:attachment":[{"href":"http:\/\/csepelfc.hu\/index.php\/wp-json\/wp\/v2\/media?parent=1835"}],"wp:term":[{"taxonomy":"category","embeddable":true,"href":"http:\/\/csepelfc.hu\/index.php\/wp-json\/wp\/v2\/categories?post=1835"},{"taxonomy":"post_tag","embeddable":true,"href":"http:\/\/csepelfc.hu\/index.php\/wp-json\/wp\/v2\/tags?post=1835"}],"curies":[{"name":"wp","href":"https:\/\/api.w.org\/{rel}","templated":true}]}}