{"id":1830,"date":"2017-10-26T15:42:40","date_gmt":"2017-10-26T14:42:40","guid":{"rendered":"http:\/\/csepelfc.hu\/?p=1830"},"modified":"2017-10-26T15:47:51","modified_gmt":"2017-10-26T14:47:51","slug":"elbucsuztattak-a-csepeli-legendat-az-el-nem-hangzott-beszed","status":"publish","type":"post","link":"http:\/\/csepelfc.hu\/index.php\/2017\/10\/26\/elbucsuztattak-a-csepeli-legendat-az-el-nem-hangzott-beszed\/","title":{"rendered":"Elb\u00facs\u00faztatt\u00e1k a csepeli legend\u00e1t &#8211; az el nem hangzott besz\u00e9d"},"content":{"rendered":"<p>Rokonok, bar\u00e1tok, ismer\u0151s\u00f6k,tisztel\u0151k sokas\u00e1ga b\u00facs\u00fazott ma el az Aranycsapat utols\u00f3 tagj\u00e1t\u00f3l, a Csepel egykori legend\u00e1s labdar\u00fag\u00f3j\u00e1t\u00f3l T\u00f3th II J\u00f3zseft\u0151l, Bozsi b\u00e1csit\u00f3l. Az MLSZ, a csepeli polg\u00e1rmester\u00a0valamint a r\u00e9gi j\u00e1tsz\u00f3t\u00e1rs Raduly J\u00f3zsef sz\u00f3ban is el tudt\u00e1k b\u00facs\u00faztatni&#8230;\u00a0<!--more--><\/p>\n<p>A Csepel FC b\u00facs\u00fa besz\u00e9de:<\/p>\n<p>Tisztelt b\u00facs\u00faz\u00f3k!<\/p>\n<p>A Csepel Football Club egyik legnagyobb ikonj\u00e1nak utols\u00f3 \u00fatj\u00e1t tett\u00fck meg k\u00f6z\u00f6sen. V\u00e9get \u00e9rt a m\u00e9rk\u0151z\u00e9s, v\u00e9gleg leker\u00fclt a futballcip\u0151 \u00e9s vele a k\u00e9k-piros szerel\u00e9s, kialudtak a reflektorok, elcsendesedett a lel\u00e1t\u00f3.<br \/>\nT\u00f3th II J\u00f3zsef, Bozsi b\u00e1csi, aki eg\u00e9sz p\u00e1lyafut\u00e1sa sor\u00e1n h\u0171 maradt a csepeli klubhoz, melynek sz\u00edneiben k\u00f6zel h\u00e1romsz\u00e1z m\u00e9rk\u0151z\u00e9sen l\u00e9pett p\u00e1ly\u00e1ra, most ott lel v\u00e9gs\u0151 nyugalomra, ahol val\u00f3j\u00e1ban szeretett \u00e9lni, s ahol igaz\u00e1n szerett\u00e9k.<br \/>\nA r\u00e9gi j\u00e1tsz\u00f3t\u00e1rsak majd mindegyike biztosan v\u00e1rja m\u00e1r \u0151t! A &#8216;948 -as bajnok csapatb\u00f3l, ahol m\u00e9g nem j\u00e1tszott ugyan t\u00e9tmeccsen de m\u00e1r ifistak\u00e9nt meg-megfordult: Marosv\u00e1ri B\u00e9la, Szekeres Andr\u00e1s, Nagy II. Istv\u00e1n, R\u00e9dei J\u00f3zsef, K\u00f3nya J\u00f3zsef, H\u00edres Alajos, Keszthelyi Mih\u00e1ly, Szentesi K\u00e1roly, Fenyvesi Gy\u00f6rgy \u00e9s Pint\u00e9r J\u00f3zsef is biztosan sz\u00edvesen fogadj\u00e1k, mint ahogy a legut\u00f3bbi &#8217;58 &#8211; &#8217;59 -es NBI -es bajnok Csepelb\u0151l: Bak\u00f3 B\u00e9la, Bulla J\u00f3zsef, Tak\u00e1cs Gy\u00f6rgy, Kleib\u00e1n Antal, Kisuczky R\u00f3bert, Medny\u00e1nszky Rudolf, N\u00e9meth Ferenc, S\u00e1tori Imre \u00e9s Pov\u00e1zsai L\u00e1szl\u00f3 is bizonyosan m\u00e9lt\u00f3 m\u00f3don felk\u00e9sz\u00fcltek a \u201emennyei rangad\u00f3ra\u201d<br \/>\nMajd mindegyik\u00fckr\u0151l szeretettel besz\u00e9lt, de ugyan\u00edgy emlegette Pusk\u00e1s \u00d6csit, Czibor Zolt\u00e1nt, Kocsis S\u00e1ndort \u00e9s a t\u00f6bbi vil\u00e1gklasszis j\u00e1tsz\u00f3t\u00e1rsat is, akikkel hajsz\u00e1l h\u00edj\u00e1n eljutott a vil\u00e1g labdar\u00fag\u00e1s\u00e1nak cs\u00facs\u00e1ra. Sajnos ez nem adatott meg neki&#8230;<br \/>\nMegadatott viszont egy sz\u00e9p kor, melynek ut\u00f3bbi n\u00e9h\u00e1ny \u00e9v\u00e9ben viszonylag sokszor tal\u00e1lkozhattunk, s besz\u00e9lgethett\u00fcnk. Ilyen alkalmakkor sokat mes\u00e9lt a csepeli gy\u00e1rr\u00f3l, ami a csal\u00e1d \u00e9s a futball mellett a mindig biztos pontot jelentette sz\u00e1m\u00e1ra, a csepeli ellenfelekr\u0151l, a Magyar Poszt\u00f3 vagy a Csepeli Pap\u00edr j\u00e1t\u00e9kosair\u00f3l, akikkel edz\u0151meccseken v\u00edvtak csodasz\u00e1mba men\u0151 csat\u00e1kat&#8230; Mes\u00e9lt, de sohasem kesergett, nem b\u00e1nk\u00f3dott, nem volt megkeseredett id\u0151s ember, sokkal ink\u00e1bb a sz\u00e9pre eml\u00e9kezett: nem esett nehez\u00e9re, ha az utca embere, a post\u00e1s, a hentes, a kocsm\u00e1ros vagy a bolti elad\u00f3 sz\u00e1mtalanszor arra k\u00e9rte, id\u00e9zze fel a Pusk\u00e1s\u00e9kkal meg\u00e9lt pillanatokat, vagy mutasson egy fot\u00f3t, esetleg \u00edrjon al\u00e1 egy r\u00e9gi f\u00e9nyk\u00e9pet. Szer\u00e9nys\u00e9g\u00e9ben is p\u00e9ldamutat\u00f3 volt: egy alkalommal volt szerencs\u00e9m megh\u00edvni egy csepeli sportol\u00f3kat k\u00f6sz\u00f6nt\u0151 rendezv\u00e9nyre, ahol javar\u00e9szt di\u00e1kkor\u00faaknak vet\u00edtett\u00fck le az angolok elleni 7:1 -es meccsen szerzett g\u00f3lj\u00e1t, s amikor arra k\u00e9rt\u00fck mondjon n\u00e9h\u00e1ny sz\u00f3t, mosolyogva azt felelte: (id\u00e9zem) \u201eUgyan m\u00e1r, ki k\u00edv\u00e1ncsi manaps\u00e1g az ilyen v\u00e9n krampuszokra?\u201d Percekig \u00e1llva tapsolt\u00e1k Bozsi b\u00e1csit\u2026<br \/>\nUtolj\u00e1ra 88. sz\u00fclet\u00e9snapj\u00e1n m\u00e1jusban k\u00f6sz\u00f6nthett\u00fck klubunk nev\u00e9ben, majd id\u00e9n ny\u00e1ron k\u00f6zrem\u0171k\u00f6d\u00e9s\u00fcnkkel k\u00f3rh\u00e1zi beteg\u00e1gy\u00e1n\u00e1l egy j\u00f3t\u00e9kony c\u00e9lra gy\u0171jt\u0151, vil\u00e1gutaz\u00f3 lengyel fi\u00fat fogadott, \u00e9s dedik\u00e1lt neki m\u00e1r reszket\u0151 k\u00e9zzel egy magyar v\u00e1logatott mezt, s mosolyogva integetett a f\u00e9nyk\u00e9pez\u0151g\u00e9pnek\u2026 Ezek az utols\u00f3 szem\u00e9lyes eml\u00e9keink r\u00f3la&#8230;<\/p>\n<p>Hal\u00e1la m\u00e1snapj\u00e1n k\u00f6z\u00f6s gyertyagy\u00fajt\u00e1ssal eml\u00e9kezt\u00fcnk r\u00e1 egykori sikerei sz\u00ednhely\u00e9n, a Csepel Stadionban, ahol a Csepel Futball Club sportol\u00f3i \u00e9s vezet\u0151i lehajtott fejjel fejezt\u00e9k ki tisztelet\u00fcket \u00e9s megbecs\u00fcl\u00e9s\u00fcket T\u00f3th II J\u00f3zsef p\u00e9lda\u00e9rt\u00e9k\u0171 \u00e9letm\u0171ve el\u0151tt, akinek eml\u00e9k\u00e9t a klub fenn\u00e1ll\u00e1s\u00e1nak v\u00e9g\u00e9ig \u0151rizni fogjuk!<\/p>\n<p>Legyen sz\u00e9p az \u00fatja, Bozsi b\u00e1csi!<br \/>\nCsepel, 2017. okt\u00f3ber 26.<\/p>\n<p>Elhangzott (volna) 2017. okt\u00f3ber 26-\u00e1n a Csepeli Temet\u0151ben.<\/p>\n","protected":false},"excerpt":{"rendered":"<div class=\"mh-excerpt\"><p>Rokonok, bar\u00e1tok, ismer\u0151s\u00f6k,tisztel\u0151k sokas\u00e1ga b\u00facs\u00fazott ma el az Aranycsapat utols\u00f3 tagj\u00e1t\u00f3l, a Csepel egykori legend\u00e1s labdar\u00fag\u00f3j\u00e1t\u00f3l T\u00f3th II J\u00f3zseft\u0151l, Bozsi b\u00e1csit\u00f3l. Az MLSZ, a csepeli polg\u00e1rmester\u00a0valamint a r\u00e9gi j\u00e1tsz\u00f3t\u00e1rs Raduly <a class=\"mh-excerpt-more\" href=\"http:\/\/csepelfc.hu\/index.php\/2017\/10\/26\/elbucsuztattak-a-csepeli-legendat-az-el-nem-hangzott-beszed\/\" title=\"Elb\u00facs\u00faztatt\u00e1k a csepeli legend\u00e1t &#8211; az el nem hangzott besz\u00e9d\">[tov\u00e1bb&#8230;]<\/a><\/p>\n<\/div>","protected":false},"author":4,"featured_media":1831,"comment_status":"closed","ping_status":"open","sticky":false,"template":"","format":"standard","meta":{"jetpack_publicize_message":"","jetpack_is_tweetstorm":false,"jetpack_publicize_feature_enabled":true},"categories":[1,7],"tags":[],"jetpack_publicize_connections":[],"jetpack_featured_media_url":"http:\/\/csepelfc.hu\/wp-content\/uploads\/2017\/10\/T\u00f3th-II-s\u00edreml\u00e9k.jpg","jetpack_sharing_enabled":true,"jetpack_shortlink":"https:\/\/wp.me\/p83FEU-tw","_links":{"self":[{"href":"http:\/\/csepelfc.hu\/index.php\/wp-json\/wp\/v2\/posts\/1830"}],"collection":[{"href":"http:\/\/csepelfc.hu\/index.php\/wp-json\/wp\/v2\/posts"}],"about":[{"href":"http:\/\/csepelfc.hu\/index.php\/wp-json\/wp\/v2\/types\/post"}],"author":[{"embeddable":true,"href":"http:\/\/csepelfc.hu\/index.php\/wp-json\/wp\/v2\/users\/4"}],"replies":[{"embeddable":true,"href":"http:\/\/csepelfc.hu\/index.php\/wp-json\/wp\/v2\/comments?post=1830"}],"version-history":[{"count":2,"href":"http:\/\/csepelfc.hu\/index.php\/wp-json\/wp\/v2\/posts\/1830\/revisions"}],"predecessor-version":[{"id":1833,"href":"http:\/\/csepelfc.hu\/index.php\/wp-json\/wp\/v2\/posts\/1830\/revisions\/1833"}],"wp:featuredmedia":[{"embeddable":true,"href":"http:\/\/csepelfc.hu\/index.php\/wp-json\/wp\/v2\/media\/1831"}],"wp:attachment":[{"href":"http:\/\/csepelfc.hu\/index.php\/wp-json\/wp\/v2\/media?parent=1830"}],"wp:term":[{"taxonomy":"category","embeddable":true,"href":"http:\/\/csepelfc.hu\/index.php\/wp-json\/wp\/v2\/categories?post=1830"},{"taxonomy":"post_tag","embeddable":true,"href":"http:\/\/csepelfc.hu\/index.php\/wp-json\/wp\/v2\/tags?post=1830"}],"curies":[{"name":"wp","href":"https:\/\/api.w.org\/{rel}","templated":true}]}}