{"id":1789,"date":"2017-10-20T10:09:21","date_gmt":"2017-10-20T09:09:21","guid":{"rendered":"http:\/\/csepelfc.hu\/?p=1789"},"modified":"2017-10-20T10:09:21","modified_gmt":"2017-10-20T09:09:21","slug":"up-bravur-dunaujvarosban-37-gol-a-blsz-u17-ben","status":"publish","type":"post","link":"http:\/\/csepelfc.hu\/index.php\/2017\/10\/20\/up-bravur-dunaujvarosban-37-gol-a-blsz-u17-ben\/","title":{"rendered":"UP: brav\u00far Duna\u00fajv\u00e1rosban, 37 g\u00f3l a BLSZ U17 -ben"},"content":{"rendered":"<p>Klubunk ut\u00e1np\u00f3tl\u00e1s csapatai k\u00f6z\u00fcl\u00a0n\u00e9gy is alaposan kitett mag\u00e1\u00e9rt. Orsz\u00e1gos U19-es egy\u00fcttes\u00fcnk a riv\u00e1lis Duna\u00fajv\u00e1ros otthon\u00e1ban aratott fontos gy\u0151zelmet, az U14 a P\u00e9nz\u00fcgy\u0151r\u00a0vend\u00e9gek\u00e9nt nyert magabiztosan, m\u00edg a BLSZ-ben szerepl\u0151 U17-es egy\u00fcttes\u00fcnk meg sem \u00e1llt 37 tal\u00e1latig a h\u00e9tk\u00f6zi bajnokij\u00e1n,\u00a0s\u0151t az U19 is v\u00e1gott egy t\u00edzest.<!--more--><a id=\"set-post-thumbnail\" class=\"thickbox\" href=\"http:\/\/csepelfc.hu\/wp-admin\/media-upload.php?post_id=1789&amp;type=image&amp;TB_iframe=1\" aria-describedby=\"set-post-thumbnail-desc\"><img loading=\"lazy\" class=\"attachment-266x266 \" src=\"http:\/\/csepelfc.hu\/wp-content\/uploads\/2017\/10\/Dunaujv-CsepelU19.jpg\" sizes=\"(max-width: 196px) 100vw, 196px\" alt=\"\" width=\"655\" height=\"886\" \/><\/a><\/p>\n<p><strong>Borda Viktor: <\/strong>&#8211; Csapatom eddigi legnehezebb meccs\u00e9re k\u00e9sz\u00fclt, amolyan els\u0151sz\u00e1m\u00fa rangad\u00f3j\u00e1ra a bajnoks\u00e1gnak a k\u00e9t csapat eddigi eredm\u00e9nyeinek t\u00fckr\u00e9ben. Tov\u00e1bbi aggodalomra adott okot, hogy ennek a bajnoks\u00e1gnak lebonyol\u00edt\u00f3ja Fej\u00e9r megye, \u00edgy megyei b\u00edr\u00f3k\u00fcld\u00e9s is van, ami azt eredm\u00e9nyezte, hogy nem csak ellenfel\u00fcnket, hanem ezt a meglehet\u0151sen furcsa szitu\u00e1ci\u00f3t is le kellett k\u00fczden\u00fcnk&#8230; Egy\u00fcttes\u00fcnk mind ezek ellen\u00e9re nagyszer\u0171en vett ezt az akad\u00e1lyt, b\u00e1r voltak k\u00fcl\u00f6n\u00f6s &#8220;dolgok&#8221; a meccsen,\u00a0p\u00e9ld\u00e1ul egy teljesen szab\u00e1lyos g\u00f3lunkt\u00f3l fosztottak meg benn\u00fcnket, \u00e9s ezen k\u00edv\u00fcl is volt sz\u00e1mos, er\u0151sen v\u00e9lem\u00e9nyes \u00edt\u00e9let ami a hazaiakat seg\u00edtette. Szerencs\u00e9re ezen is t\u00fal tudtunk lend\u00fclni \u00e9s arattunk teljesen meg\u00e9rdemelt gy\u0151zelmet, ami jobb helyzetkihaszn\u00e1l\u00e1ssal (k\u00e9t kapuf\u00e1nk is volt) nagyobb ar\u00e1ny\u00fa is lehetett volna. Ellenfel\u00fcnk rendk\u00edv\u00fcl j\u00f3 napot fogott ki a l\u00e1tottak alapj\u00e1n, l\u00e1ttam \u0151ket kor\u00e1bban is \u00e9s akkor teljesen m\u00e1s k\u00e9pet mutatott a j\u00e1t\u00e9kuk. \u00d6sszess\u00e9g\u00e9ben gy\u0151zelm\u00fcnk meg\u00e9rdemelt.<\/p>\n<p><strong>J\u00f3k: <\/strong>Kutika D\u00e1niel, Bakos Levente, V\u00e9gh Kriszti\u00e1n, \u00c1rkocsevics Mil\u00e1n<\/p>\n<p><img loading=\"lazy\" class=\"attachment-266x266 \" src=\"http:\/\/csepelfc.hu\/wp-content\/uploads\/2017\/10\/thumbnail_Dunaujv-CsepelU17.jpg\" sizes=\"(max-width: 200px) 100vw, 200px\" srcset=\"http:\/\/csepelfc.hu\/wp-content\/uploads\/2017\/10\/thumbnail_Dunaujv-CsepelU17.jpg 715w, http:\/\/csepelfc.hu\/wp-content\/uploads\/2017\/10\/thumbnail_Dunaujv-CsepelU17-226x300.jpg 226w\" alt=\"\" width=\"644\" height=\"857\" \/><\/p>\n<p><strong>Pop Rich\u00e1rd:<\/strong> &#8211; Hi\u00e1ba t\u00f6rt\u00e9nt nagyj\u00e1b\u00f3l az a m\u00e9rk\u0151z\u00e9sen amit el\u0151re eltervezt\u00fcnk, egy\u00e9ni hib\u00e1ink azonban megpecs\u00e9telt\u00e9k sorsunkat. Nagyon tanuls\u00e1gos 90 percen vagyunk t\u00fal, \u00fagy \u00e9rzem, hogy tavasszal \u00e1llunk majd k\u00e9szen arra, hogy az ilyen \u00e9s ehhez hasonl\u00f3 rangad\u00f3kat a magunk jav\u00e1ra d\u00f6nts\u00fck el.<\/p>\n<p><strong>J\u00f3k: &#8211;<\/strong><\/p>\n<p><a class=\"thickbox\" href=\"http:\/\/csepelfc.hu\/wp-admin\/media-upload.php?post_id=1789&amp;type=image&amp;TB_iframe=1\" aria-describedby=\"set-post-thumbnail-desc\"><img loading=\"lazy\" class=\"attachment-266x266 \" src=\"http:\/\/csepelfc.hu\/wp-content\/uploads\/2017\/10\/Csepel-MerkaptU17-1.jpg\" sizes=\"(max-width: 214px) 100vw, 214px\" alt=\"\" width=\"634\" height=\"788\" \/><\/a><a id=\"set-post-thumbnail\" class=\"thickbox\" href=\"http:\/\/csepelfc.hu\/wp-admin\/media-upload.php?post_id=1789&amp;type=image&amp;TB_iframe=1\" aria-describedby=\"set-post-thumbnail-desc\"><img loading=\"lazy\" class=\"attachment-266x266 \" src=\"http:\/\/csepelfc.hu\/wp-content\/uploads\/2017\/10\/Csepel-MerkaptU17-2.jpg\" sizes=\"(max-width: 249px) 100vw, 249px\" alt=\"\" width=\"746\" height=\"797\" \/><\/a><a id=\"set-post-thumbnail\" class=\"thickbox\" href=\"http:\/\/csepelfc.hu\/wp-admin\/media-upload.php?post_id=1789&amp;type=image&amp;TB_iframe=1\" aria-describedby=\"set-post-thumbnail-desc\"><\/a><\/p>\n<p>&nbsp;<\/p>\n<p><strong>Pop Rich\u00e1rd:<\/strong> &#8211; Gratul\u00e1lok a rengeteg g\u00f3lhoz a csapatnak! Pozit\u00edvum, hogy az els\u0151 perct\u0151l kezdve az utols\u00f3ig g\u00f3ltar\u00f6r\u0151en j\u00e1tszottunk, j\u00e1t\u00e9kunk egy pillanatra sem ment \u00e1t sz\u00f3rakoz\u00e1sba, vagy k\u00f6nnyelm\u0171sk\u00f6d\u00e9sbe, mindv\u00e9gig koncentr\u00e1ltan futballoztunk \u00e9s igyekezt\u00fcnk a lehet\u0151 legt\u00f6bb lehet\u0151s\u00e9g\u00fcnket g\u00f3lra v\u00e1ltani.<\/p>\n<p><strong>J\u00f3k:<\/strong> az eg\u00e9sz csapat<\/p>\n<p><a id=\"set-post-thumbnail\" class=\"thickbox\" href=\"http:\/\/csepelfc.hu\/wp-admin\/media-upload.php?post_id=1789&amp;type=image&amp;TB_iframe=1\" aria-describedby=\"set-post-thumbnail-desc\"><img loading=\"lazy\" class=\"attachment-266x266 \" src=\"http:\/\/csepelfc.hu\/wp-content\/uploads\/2017\/10\/Fenomenon-CsepelU19.jpg\" sizes=\"(max-width: 197px) 100vw, 197px\" alt=\"\" width=\"681\" height=\"921\" \/><\/a><\/p>\n<p><strong>Kincses B\u00e9la:<\/strong> &#8211; Amint azt az eredm\u00e9ny is j\u00f3l mutatja, most val\u00f3ban meg tudta mutatni csapatom, hogy mire is k\u00e9pes, felszabadult, \u00e9lvezetes j\u00e1t\u00e9kot produk\u00e1ltak.\u00a0Hozz\u00e1tartozik, hogy b\u00e1rmelyik csapatnak lehet rossz illetve j\u00f3 napja, ebb\u0151l most mi j\u00f6tt\u00fcnk ki jobban. Ez a g\u00f3lk\u00fcl\u00f6nbs\u00e9g kicsit koncentr\u00e1ltabb t\u00e1mad\u00e1s- befejez\u00e9sekkel ak\u00e1r a dupl\u00e1j\u00e1ra is n\u0151hetett volna, de nem lehet\u00fcnk el\u00e9gedetlenek.\u00a0J\u00f3l tudtunk alkalmazkodni a meglehet\u0151sen kicsi j\u00e1t\u00e9kt\u00e9rhez, azt k\u00e9rtem a j\u00e1t\u00e9kosokt\u00f3l, hogy ha\u00a0l\u0151t\u00e1vols\u00e1gba ker\u00fclnek, akkor v\u00e1llalkozzanak l\u00f6v\u00e9sekre, amit\u00a0t\u00f6bb\u00e9-kev\u00e9sb\u00e9 siker\u00fclt is betartani.\u00a0\u00d6sszess\u00e9g\u00e9ben teljesen meg\u00e9rdemelt a gy\u0151zelm\u00fcnk.<\/p>\n<p><strong>J\u00f3k:<\/strong> M\u00e1t\u00e9 Gerg\u0151, Vit\u00e1rius Gerg\u0151, N\u00e1das Kriszti\u00e1n<\/p>\n<p><a id=\"set-post-thumbnail\" class=\"thickbox\" href=\"http:\/\/csepelfc.hu\/wp-admin\/media-upload.php?post_id=1789&amp;type=image&amp;TB_iframe=1\" aria-describedby=\"set-post-thumbnail-desc\"><img loading=\"lazy\" class=\"attachment-266x266 \" src=\"http:\/\/csepelfc.hu\/wp-content\/uploads\/2017\/10\/P\u00e9nz\u00fcgy-CsepelU15.jpg\" sizes=\"(max-width: 198px) 100vw, 198px\" alt=\"\" width=\"679\" height=\"916\" \/><\/a><\/p>\n<p><strong>Elekes Zsolt:<\/strong> &#8211; Az elm\u00falt\u00a0id\u0151szak folyam\u00e1n megszerzett n\u00e9gy pont ut\u00e1n l\u00e1ttam az eg\u00e9sz heti munk\u00e1n, hogy ezen a meccsen meg fogunk szenvedni&#8230;Sajnos nekem lett igazam! Gyakorlatilag semmi k\u00f6z\u00fcnk nem volt a meccshez, k\u00fczd\u00f6tt\u00fcnk, j\u00f6tt\u00fcnk-ment\u00fcnk de sajnos rossz ir\u00e1nyban! A legnagyobb pozit\u00edvuma a napnak, hogy az U14-es csapat meccs\u00e9n kint maradtak j\u00e1t\u00e9kosaim szurkolni&#8230;<\/p>\n<p><strong>J\u00f3:<\/strong> az eg\u00e9sz k\u00f6z\u00f6ss\u00e9g<\/p>\n<p><a id=\"set-post-thumbnail\" class=\"thickbox\" href=\"http:\/\/csepelfc.hu\/wp-admin\/media-upload.php?post_id=1789&amp;type=image&amp;TB_iframe=1\" aria-describedby=\"set-post-thumbnail-desc\"><img loading=\"lazy\" class=\"attachment-266x266 \" src=\"http:\/\/csepelfc.hu\/wp-content\/uploads\/2017\/10\/P\u00e9nz\u00fcgy-CsepelU14.jpg\" sizes=\"(max-width: 196px) 100vw, 196px\" alt=\"\" width=\"677\" height=\"919\" \/><\/a><\/p>\n<p><strong>Elekes Zsolt: &#8211;<\/strong> A legfontosabb t\u00e9ny, hogy 5:2-re nyert\u00fcnk! Ami viszont negat\u00edvum: h\u00e9t meccsen h\u00e9t g\u00f3lt kaptunk, ebb\u0151l \u00f6t\u00f6t pontr\u00fag\u00e1sb\u00f3l, ami egyszer\u0171en elfogadhatatlan! Hi\u00e1nyz\u00f3ink\u00a0ellen\u00e9re, a megbesz\u00e9ltek szerint j\u00e1tszva arattunk meg\u00e9rdemelt gy\u0151zelmet!\u00a0Ellenfel\u00fcnkn\u00e9l\u00a0j\u00e1tszott egy j\u00e1t\u00e9kos, aki v\u00e9lem\u00e9nyem szerint nem a sz\u00e1m\u00e1ra\u00a0legjobb helyen futballozik&#8230;. Bar\u00e1tai v\u00e1rj\u00e1k \u0151t nagy szeretettel!<\/p>\n<p><strong>J\u00f3k:<\/strong> az eg\u00e9sz csapat<\/p>\n<p>&nbsp;<\/p>\n<p><a id=\"set-post-thumbnail\" class=\"thickbox\" href=\"http:\/\/csepelfc.hu\/wp-admin\/media-upload.php?post_id=1789&amp;type=image&amp;TB_iframe=1\" aria-describedby=\"set-post-thumbnail-desc\"><img loading=\"lazy\" class=\"attachment-266x266 \" src=\"http:\/\/csepelfc.hu\/wp-content\/uploads\/2017\/10\/Csepel-J\u00e1noshalmaLe\u00e1ny.jpg\" sizes=\"(max-width: 192px) 100vw, 192px\" alt=\"\" width=\"676\" height=\"937\" \/><\/a><\/p>\n<p>&nbsp;<\/p>\n<p>&nbsp;<\/p>\n","protected":false},"excerpt":{"rendered":"<div class=\"mh-excerpt\"><p>Klubunk ut\u00e1np\u00f3tl\u00e1s csapatai k\u00f6z\u00fcl\u00a0n\u00e9gy is alaposan kitett mag\u00e1\u00e9rt. Orsz\u00e1gos U19-es egy\u00fcttes\u00fcnk a riv\u00e1lis Duna\u00fajv\u00e1ros otthon\u00e1ban aratott fontos gy\u0151zelmet, az U14 a P\u00e9nz\u00fcgy\u0151r\u00a0vend\u00e9gek\u00e9nt nyert magabiztosan, m\u00edg a BLSZ-ben szerepl\u0151 U17-es egy\u00fcttes\u00fcnk <a class=\"mh-excerpt-more\" href=\"http:\/\/csepelfc.hu\/index.php\/2017\/10\/20\/up-bravur-dunaujvarosban-37-gol-a-blsz-u17-ben\/\" title=\"UP: brav\u00far Duna\u00fajv\u00e1rosban, 37 g\u00f3l a BLSZ U17 -ben\">[tov\u00e1bb&#8230;]<\/a><\/p>\n<\/div>","protected":false},"author":4,"featured_media":1808,"comment_status":"closed","ping_status":"open","sticky":false,"template":"","format":"standard","meta":{"jetpack_publicize_message":"","jetpack_is_tweetstorm":false,"jetpack_publicize_feature_enabled":true},"categories":[1,3],"tags":[],"jetpack_publicize_connections":[],"jetpack_featured_media_url":"http:\/\/csepelfc.hu\/wp-content\/uploads\/2017\/10\/Focisjelenet.jpg","jetpack_sharing_enabled":true,"jetpack_shortlink":"https:\/\/wp.me\/p83FEU-sR","_links":{"self":[{"href":"http:\/\/csepelfc.hu\/index.php\/wp-json\/wp\/v2\/posts\/1789"}],"collection":[{"href":"http:\/\/csepelfc.hu\/index.php\/wp-json\/wp\/v2\/posts"}],"about":[{"href":"http:\/\/csepelfc.hu\/index.php\/wp-json\/wp\/v2\/types\/post"}],"author":[{"embeddable":true,"href":"http:\/\/csepelfc.hu\/index.php\/wp-json\/wp\/v2\/users\/4"}],"replies":[{"embeddable":true,"href":"http:\/\/csepelfc.hu\/index.php\/wp-json\/wp\/v2\/comments?post=1789"}],"version-history":[{"count":8,"href":"http:\/\/csepelfc.hu\/index.php\/wp-json\/wp\/v2\/posts\/1789\/revisions"}],"predecessor-version":[{"id":1807,"href":"http:\/\/csepelfc.hu\/index.php\/wp-json\/wp\/v2\/posts\/1789\/revisions\/1807"}],"wp:featuredmedia":[{"embeddable":true,"href":"http:\/\/csepelfc.hu\/index.php\/wp-json\/wp\/v2\/media\/1808"}],"wp:attachment":[{"href":"http:\/\/csepelfc.hu\/index.php\/wp-json\/wp\/v2\/media?parent=1789"}],"wp:term":[{"taxonomy":"category","embeddable":true,"href":"http:\/\/csepelfc.hu\/index.php\/wp-json\/wp\/v2\/categories?post=1789"},{"taxonomy":"post_tag","embeddable":true,"href":"http:\/\/csepelfc.hu\/index.php\/wp-json\/wp\/v2\/tags?post=1789"}],"curies":[{"name":"wp","href":"https:\/\/api.w.org\/{rel}","templated":true}]}}