{"id":1631,"date":"2017-09-28T13:30:12","date_gmt":"2017-09-28T12:30:12","guid":{"rendered":"http:\/\/csepelfc.hu\/?p=1631"},"modified":"2017-09-29T14:22:18","modified_gmt":"2017-09-29T13:22:18","slug":"up-sikerekkel-es-kudarcokkal-tarkitott-fordulon-tul","status":"publish","type":"post","link":"http:\/\/csepelfc.hu\/index.php\/2017\/09\/28\/up-sikerekkel-es-kudarcokkal-tarkitott-fordulon-tul\/","title":{"rendered":"UP: Sikerekkel \u00e9s kudarcokkal tark\u00edtott fordul\u00f3n t\u00fal"},"content":{"rendered":"<p>A Csepel FC ut\u00e1np\u00f3tl\u00e1sa is folytatta bajnoki k\u00fczdelmeit, ami ez\u00fattal fordulatokban b\u0151velked\u0151nek bizonyult. Sz\u00e9p siker ugyan\u00fagy szerepel, mint kev\u00e9sb\u00e9 v\u00e1rt veres\u00e9g, de mindent egybevetve most sem kell sz\u00e9gyenkezn\u00fcnk.<!--more--><a id=\"set-post-thumbnail\" class=\"thickbox\" href=\"http:\/\/csepelfc.hu\/wp-admin\/media-upload.php?post_id=1631&amp;type=image&amp;TB_iframe=1\" aria-describedby=\"set-post-thumbnail-desc\"><img loading=\"lazy\" class=\"attachment-266x266 \" src=\"http:\/\/csepelfc.hu\/wp-content\/uploads\/2017\/09\/Csepel-F\u0151nixU19.jpg\" sizes=\"(max-width: 199px) 100vw, 199px\" alt=\"\" width=\"594\" height=\"793\" \/><\/a><\/p>\n<p><strong>Borda Viktor:<\/strong> &#8211; V\u00e9gre lej\u00e1tszottuk az els\u0151 rangad\u00f3nkat a bajnoks\u00e1gban, amit m\u00e1r nagyon v\u00e1rtunk, hogy fel tudjuk m\u00e9rni, val\u00f3j\u00e1ban hol is tart a csapatunk. Ennek megfelel\u0151en \u00e1lltak bele a j\u00e1t\u00e9kosok a meccsbe, ahol gyakorlatilag az els\u0151 perct\u0151l az utols\u00f3ig domin\u00e1ltunk a tal\u00e1lkoz\u00f3n. J\u00f3l \u00e9s agressz\u00edvan, rengeteg fut\u00e1ssal j\u00e1tszottunk, \u00edgy es\u00e9lyt sem adtunk ellenfel\u00fcnknek a sikerre. Hi\u00e1ny\u00e9rzetem a kidolgozott \u00e1m nem \u00e9rt\u00e9kes\u00edtett helyzeteket illet\u0151en van, ami sz\u00e1molatlan volt a meccsen. Szerencs\u00e9re ezekb\u0151l kett\u0151t siker\u00fclt begy\u00f6t\u00f6rn\u00fcnk, \u00edgy az eredm\u00e9nnyel, a hozz\u00e1\u00e1ll\u00e1ssal \u00e9s a mutatott j\u00e1t\u00e9kkal is el\u00e9gedett vagyok. J\u00f3lesett l\u00e1tni a j\u00e1t\u00e9kosok \u00e1ltal mutatott er\u0151t \u00e9s gratul\u00e1lok teljes\u00edtm\u00e9ny\u00fckh\u00f6z.<\/p>\n<p><strong>J\u00f3k:<\/strong> az eg\u00e9sz csapat illetve Gy\u0151ri Barnab\u00e1s, Garai \u00c1d\u00e1m \u00e9s Szab\u00f3 M\u00e1rton az \u00e1tlagon fel\u00fcli fut\u00f3teljes\u00edtm\u00e9ny\u00fck ok\u00e1n<\/p>\n<p><a id=\"set-post-thumbnail\" class=\"thickbox\" href=\"http:\/\/csepelfc.hu\/wp-admin\/media-upload.php?post_id=1631&amp;type=image&amp;TB_iframe=1\" aria-describedby=\"set-post-thumbnail-desc\"><img loading=\"lazy\" class=\"attachment-266x266 \" src=\"http:\/\/csepelfc.hu\/wp-content\/uploads\/2017\/09\/Csepel-F\u0151nixU17.jpg\" sizes=\"(max-width: 201px) 100vw, 201px\" alt=\"\" width=\"624\" height=\"825\" \/><\/a><\/p>\n<p><strong>Pop Rich\u00e1rd:<\/strong> &#8211; Egy igen j\u00f3 csapattal tal\u00e1lkoztunk, nagyj\u00e1b\u00f3l az t\u00f6rt\u00e9nt, amire sz\u00e1m\u00edtottam. Bosszant, hogy helyzeteink kimaradtak, minek k\u00f6vetkezt\u00e9ben sem a gy\u0151zelmet \u00e9s sem a d\u00f6ntetlent nem siker\u00fclt kiharcolnunk.<\/p>\n<p><strong>J\u00f3k:<\/strong> &#8211;<\/p>\n<p><a id=\"set-post-thumbnail\" class=\"thickbox\" href=\"http:\/\/csepelfc.hu\/wp-admin\/media-upload.php?post_id=1631&amp;type=image&amp;TB_iframe=1\" aria-describedby=\"set-post-thumbnail-desc\"><img loading=\"lazy\" class=\"attachment-266x266 \" src=\"http:\/\/csepelfc.hu\/wp-content\/uploads\/2017\/09\/Csepel-KISEU14.jpg\" sizes=\"(max-width: 202px) 100vw, 202px\" alt=\"\" width=\"577\" height=\"759\" \/><\/a><\/p>\n<p><strong>Elekes Zsolt:<\/strong> &#8211; Gratul\u00e1lok a csapatnak a gy\u0151zelemhez, de a mutatott j\u00e1t\u00e9kn\u00e1l t\u00f6bbet tudunk! V\u00e9dekez\u00e9sben egyre jobbak vagyunk, de szeretn\u00e9m ha t\u00f6bbet lenne n\u00e1lunk a labda, ugyanis arra is k\u00e9pesek vagyunk. A mai meccsen cs\u00fasztunk, m\u00e1sztunk, k\u00fczd\u00f6tt\u00fcnk ami azt jelenti, hogy a csapategys\u00e9ggel nincs baj!<\/p>\n<p><strong>J\u00f3k:<\/strong> Kiss Marcell, Urbin M\u00e1rk, Urbin Martin, S\u00fck\u00f6sd Kriszti\u00e1n, Tak\u00e1cs Gergely<\/p>\n<p><a id=\"set-post-thumbnail\" class=\"thickbox\" href=\"http:\/\/csepelfc.hu\/wp-admin\/media-upload.php?post_id=1631&amp;type=image&amp;TB_iframe=1\" aria-describedby=\"set-post-thumbnail-desc\"><img loading=\"lazy\" class=\"attachment-266x266 \" src=\"http:\/\/csepelfc.hu\/wp-content\/uploads\/2017\/09\/Csepel-KISEU15.jpg\" sizes=\"(max-width: 208px) 100vw, 208px\" alt=\"\" width=\"591\" height=\"756\" \/><\/a><\/p>\n<p><strong>Elekes Zsolt:<\/strong> &#8211; Boldog \u00e9s egyben csal\u00f3dott is vagyok, ugyanis a sr\u00e1ciok nagyon sokat dolgoztak a meccsen, 1:1 ut\u00e1n re\u00e1lis es\u00e9ly\u00fcnk mutatkozott a gy\u0151zelemre is, \u00e1m az utols\u00f3 el\u0151tti percben m\u00e9g a pontszerz\u00e9s is el\u00faszott&#8230; \u00c9n tov\u00e1bbra is hiszek a sr\u00e1cokban, ahogy l\u00e1tom \u0151k is bennem \u00e9s meccsr\u0151l-meccsre l\u00e9peget\u00fcnk el\u0151re, \u00edgy biztos vagyok abban, hogy a sz\u00e1munkra megfelel\u0151 \u00faton haladunk el\u0151re.<\/p>\n<p><strong>J\u00f3k:<\/strong> Raduly Andr\u00e1s, Szikszai, Kerner Tam\u00e1s, Varga J\u00f3zsef, Kmetz J\u00f3zsef<\/p>\n<p><a id=\"set-post-thumbnail\" class=\"thickbox\" href=\"http:\/\/csepelfc.hu\/wp-admin\/media-upload.php?post_id=1631&amp;type=image&amp;TB_iframe=1\" aria-describedby=\"set-post-thumbnail-desc\"><img loading=\"lazy\" class=\"attachment-266x266 \" src=\"http:\/\/csepelfc.hu\/wp-content\/uploads\/2017\/09\/AIRNERGY-Csepel-U19.jpg\" sizes=\"(max-width: 204px) 100vw, 204px\" alt=\"\" width=\"599\" height=\"780\" \/><\/a><\/p>\n<p><strong>Kincses B\u00e9la:<\/strong> &#8211; J\u00f3l indult sz\u00e1munkra a meccs, hiszen Torda Bence r\u00e9v\u00e9n hamar megszerezt\u00fck a vezet\u00e9st. \u00c1ltal\u00e1ban ez pozit\u00edv ir\u00e1nyba mozd\u00edtja el a csapatokat, \u00e1m n\u00e1lunk sajnos visszafel\u00e9 s\u00fclt el a dolog&#8230; Nem j\u00f6tt az az aktivit\u00e1s, ami egy vezet\u00e9s megszerz\u00e9se ut\u00e1n k\u00f6vetkezne, elmaradt a j\u00e1t\u00e9k ir\u00e1ny\u00edt\u00e1sa, ennek k\u00f6vetkezt\u00e9ben vissza is esett a teljes\u00edtm\u00e9ny\u00fcnk. Olyan hib\u00e1kat v\u00e9tett\u00fcnk, amiket nagyobb odafigyel\u00e9ssel \u00e9s hat\u00e1rozotts\u00e1ggal elker\u00fclhett\u00fcnk volna. Abb\u00f3l, amit ez a csapat tud, most nagyon keveset mutattunk be, ami szerintem annak is betudhat\u00f3, hogy minden csapat \u00e9let\u00e9ben vannak gyeng\u00e9bb peri\u00f3dusok, ez n\u00e1lunk ezen a meccsen k\u00f6vetkezett be. B\u00edzom benne, hogy legk\u00f6zelebb jav\u00edtani tudunk!<\/p>\n<p><strong>J\u00f3k: &#8211;<\/strong><\/p>\n<p>&nbsp;<\/p>\n<p><a id=\"set-post-thumbnail\" class=\"thickbox\" href=\"http:\/\/csepelfc.hu\/wp-admin\/media-upload.php?post_id=1631&amp;type=image&amp;TB_iframe=1\" aria-describedby=\"set-post-thumbnail-desc\"><img loading=\"lazy\" class=\"attachment-266x266 \" src=\"http:\/\/csepelfc.hu\/wp-content\/uploads\/2017\/09\/L\u00e1nyokKispest.jpg\" sizes=\"(max-width: 209px) 100vw, 209px\" alt=\"\" width=\"630\" height=\"801\" \/><\/a><\/p>\n<p>&nbsp;<\/p>\n<p>&nbsp;<\/p>\n","protected":false},"excerpt":{"rendered":"<div class=\"mh-excerpt\"><p>A Csepel FC ut\u00e1np\u00f3tl\u00e1sa is folytatta bajnoki k\u00fczdelmeit, ami ez\u00fattal fordulatokban b\u0151velked\u0151nek bizonyult. Sz\u00e9p siker ugyan\u00fagy szerepel, mint kev\u00e9sb\u00e9 v\u00e1rt veres\u00e9g, de mindent egybevetve most sem kell sz\u00e9gyenkezn\u00fcnk.<\/p>\n<\/div>","protected":false},"author":4,"featured_media":1644,"comment_status":"closed","ping_status":"open","sticky":false,"template":"","format":"standard","meta":{"jetpack_publicize_message":"","jetpack_is_tweetstorm":false,"jetpack_publicize_feature_enabled":true},"categories":[1,3],"tags":[],"jetpack_publicize_connections":[],"jetpack_featured_media_url":"http:\/\/csepelfc.hu\/wp-content\/uploads\/2017\/09\/Sikerkudarc.jpg","jetpack_sharing_enabled":true,"jetpack_shortlink":"https:\/\/wp.me\/p83FEU-qj","_links":{"self":[{"href":"http:\/\/csepelfc.hu\/index.php\/wp-json\/wp\/v2\/posts\/1631"}],"collection":[{"href":"http:\/\/csepelfc.hu\/index.php\/wp-json\/wp\/v2\/posts"}],"about":[{"href":"http:\/\/csepelfc.hu\/index.php\/wp-json\/wp\/v2\/types\/post"}],"author":[{"embeddable":true,"href":"http:\/\/csepelfc.hu\/index.php\/wp-json\/wp\/v2\/users\/4"}],"replies":[{"embeddable":true,"href":"http:\/\/csepelfc.hu\/index.php\/wp-json\/wp\/v2\/comments?post=1631"}],"version-history":[{"count":9,"href":"http:\/\/csepelfc.hu\/index.php\/wp-json\/wp\/v2\/posts\/1631\/revisions"}],"predecessor-version":[{"id":1655,"href":"http:\/\/csepelfc.hu\/index.php\/wp-json\/wp\/v2\/posts\/1631\/revisions\/1655"}],"wp:featuredmedia":[{"embeddable":true,"href":"http:\/\/csepelfc.hu\/index.php\/wp-json\/wp\/v2\/media\/1644"}],"wp:attachment":[{"href":"http:\/\/csepelfc.hu\/index.php\/wp-json\/wp\/v2\/media?parent=1631"}],"wp:term":[{"taxonomy":"category","embeddable":true,"href":"http:\/\/csepelfc.hu\/index.php\/wp-json\/wp\/v2\/categories?post=1631"},{"taxonomy":"post_tag","embeddable":true,"href":"http:\/\/csepelfc.hu\/index.php\/wp-json\/wp\/v2\/tags?post=1631"}],"curies":[{"name":"wp","href":"https:\/\/api.w.org\/{rel}","templated":true}]}}