{"id":1613,"date":"2017-09-25T12:08:03","date_gmt":"2017-09-25T11:08:03","guid":{"rendered":"http:\/\/csepelfc.hu\/?p=1613"},"modified":"2017-09-26T09:31:45","modified_gmt":"2017-09-26T08:31:45","slug":"legyoztuk-a-puskas-akademiat","status":"publish","type":"post","link":"http:\/\/csepelfc.hu\/index.php\/2017\/09\/25\/legyoztuk-a-puskas-akademiat\/","title":{"rendered":"NB III: legy\u0151zt\u00fck a Pusk\u00e1s Akad\u00e9mi\u00e1t!"},"content":{"rendered":"<p>A szok\u00e1sosn\u00e1l is fegyelmezettebb j\u00e1t\u00e9kot bemutatva, k\u00e9t szab\u00e1lyos g\u00f3lt l\u0151ve, 2:1 ar\u00e1nyban siker\u00fclt fel\u00fclkerekedn\u00fcnk a t\u0151l\u00fcnk szinte minden tekintetben f\u00e9ny\u00e9vekre l\u00e9v\u0151 felcs\u00fati Pusk\u00e1s Akad\u00e9mia II egy\u00fcttes\u00e9n.<!--more-->Ezzel meger\u0151s\u00edtett\u00fck hely\u00fcnket a k\u00f6z\u00e9pmez\u0151nyben, ahol rendk\u00edv\u00fcl s\u0171r\u0171 a mez\u0151ny, \u00e1m vigy\u00e1zni kell, mert\u00a0amennyiben nem gy\u0171jt\u00f6getj\u00fck tov\u00e1bb a pontokat, hamarj\u00e1ban le is cs\u00faszhatunk a h\u00e1ts\u00f3 alakzatba. A vas\u00e1rnapi tal\u00e1lkoz\u00f3t Facebook oldalunk online k\u00f6zvet\u00edt\u00e9s\u00e9vel id\u00e9zz\u00fck fel:<\/p>\n<p>A kezd\u0151csapatok:<\/p>\n<p><strong>Pusk\u00e1s AFC :<\/strong> \u00c1sv\u00e1nyi B., Lipcsei \u00c1,L\u00e1szl\u00f3 N., Mim G., Hud\u00e1k M., Kov\u00e1cs T., Szak\u00e1ly P., P\u00e9ter B., T\u00edm\u00e1r N., Csilus \u00c1., Rad\u00f3 D.<\/p>\n<p><strong>Csepel FC:<\/strong> Juh\u00e1sz G., Hesz O., Szab\u00f3 \u00c1., N\u00e9meth Z., Korozm\u00e1n N., Fisli A., Haraszk\u00f3 S., V\u00e1czi D., Sebesty\u00e9n L., Simon K., Somodi \u00c1.,<\/p>\n<p>&nbsp;<\/p>\n<p>10. perc: 11-eshez jutunk, \u00e1m Korozm\u00e1n b\u00fcntet\u0151j\u00e9t h\u00e1r\u00edtja a kapus, a j\u00e1t\u00e9khelyzetb\u0151l azonban bead\u00e1s k\u00f6vetkezik, amit Hesz Oliv\u00e9r b\u00f3lint a kapuba! <strong>1:0<\/strong><\/p>\n<p>15.perc: El\u0151sz\u00f6r \u00fagy n\u00e9zett ki, hogy Hesz szenz\u00e1ci\u00f3s megl\u00e1t\u00e1sa\u00a0\u00e9rt csaknem\u00a0g\u00f3lt, \u00e1m mint az k\u00e9s\u0151bb\u00a0kider\u00fclt, a fiatal V\u00e1czi &#8220;k\u00f6vette el&#8221;: a kinn \u00e1ll\u00f3 kapus felett \u00edvelte kapura a f\u00e9lp\u00e1ly\u00e1r\u00f3l a labd\u00e1t, amit csak \u00fcggyel-bajjal h\u00e1r\u00edtott a PAFC h\u00e1l\u00f3\u0151re&#8230; Gy\u00f6ny\u00f6r\u0171 jelenet volt!<\/p>\n<p>26. perc: Juh\u00e1sz v\u00e9d egy 15 m\u00e9teres l\u00f6ketet magabiztosan<\/p>\n<p>45. perc: lef\u00fajja a f\u00e9lid\u0151t a j\u00e1t\u00e9kvezet\u0151, Csepel FC &#8211; Pusk\u00e1s AFC II 1:0<\/p>\n<p>&nbsp;<\/p>\n<p>56.perc: Sebesty\u00e9n hely\u00e9n Tepl\u00e1n a p\u00e1ly\u00e1n, majd Csilus szerel\u00e9se \u00e9r s\u00e1rg\u00e1t&#8230;. Tov\u00e1bbra is 1:0<\/p>\n<p>64.petc:Somodi, V\u00e1czi le, Marczinka, T\u00f3th Csaba be&#8230;..<\/p>\n<p>70.perc: N\u00e9meth Zolt\u00e1n l\u00e9p ki kiv\u00e1l\u00f3 \u00fctemben, de v\u00e9g\u00fcl a kapusba r\u00fagja a ziccert&#8230;. \u00f3ri\u00e1si helyzet volt!<\/p>\n<p>73.perc:G\u00d3\u00d3\u00d3\u00d3L!!!!!N\u00e9meth Tam\u00e1s (aki val\u00f3j\u00e1ban Zolt\u00e1n! &#8211; sorry) sz\u00f3val N\u00e9meth Zolt\u00e1n \u00e9rkezik j\u00f3l egy bead\u00e1sra \u00e9s veszi be a Felcs\u00fati kaput! 2:0<\/p>\n<p>75.petc: sz\u00e9p\u00eet a Pusk\u00e1s Akad\u00e9mia, egy kapu el\u0151tti kavarod\u00e1sb\u00f3l&#8230; 2:1!<\/p>\n<p>79.perc: egy er\u0151sen v\u00e9lem\u00e9nyes, b\u00fcntet\u0151 ter\u00fcleten bel\u00fcl megakad\u00e1lyozott t\u00e1mad\u00e1sunkat nem veszi \u00e9szre a j\u00e1t\u00e9kvezet\u0151!<\/p>\n<p>85.perc: a vend\u00e9gedz\u0151 Lazic tombol a Felcs\u00fati kispadn\u00e1l, hi\u00e1ba, nem megy a szek\u00e9r&#8230;<\/p>\n<p>89.petc: G\u00f3\u00f3\u00f3l!!!! igaz, lesen r\u00fagjuk azt&#8230;<\/p>\n<p>92.perc: PAFC\u00a0szabadr\u00fag\u00e1s , Juh\u00e1sz h\u00e1r\u00edt!<\/p>\n<p>94. perc: Megvaaaaaannn! Csepel FC- Pusk\u00e1s Akad\u00e9mia FC II 2:1 !<\/p>\n<p>&nbsp;<\/p>\n<p>&nbsp;<\/p>\n","protected":false},"excerpt":{"rendered":"<div class=\"mh-excerpt\"><p>A szok\u00e1sosn\u00e1l is fegyelmezettebb j\u00e1t\u00e9kot bemutatva, k\u00e9t szab\u00e1lyos g\u00f3lt l\u0151ve, 2:1 ar\u00e1nyban siker\u00fclt fel\u00fclkerekedn\u00fcnk a t\u0151l\u00fcnk szinte minden tekintetben f\u00e9ny\u00e9vekre l\u00e9v\u0151 felcs\u00fati Pusk\u00e1s Akad\u00e9mia II egy\u00fcttes\u00e9n.<\/p>\n<\/div>","protected":false},"author":4,"featured_media":1614,"comment_status":"closed","ping_status":"open","sticky":false,"template":"","format":"standard","meta":{"jetpack_publicize_message":"","jetpack_is_tweetstorm":false,"jetpack_publicize_feature_enabled":true},"categories":[1,7],"tags":[],"jetpack_publicize_connections":[],"jetpack_featured_media_url":"http:\/\/csepelfc.hu\/wp-content\/uploads\/2017\/09\/Csepel-PAFCmeccsjelenetk..jpg","jetpack_sharing_enabled":true,"jetpack_shortlink":"https:\/\/wp.me\/p83FEU-q1","_links":{"self":[{"href":"http:\/\/csepelfc.hu\/index.php\/wp-json\/wp\/v2\/posts\/1613"}],"collection":[{"href":"http:\/\/csepelfc.hu\/index.php\/wp-json\/wp\/v2\/posts"}],"about":[{"href":"http:\/\/csepelfc.hu\/index.php\/wp-json\/wp\/v2\/types\/post"}],"author":[{"embeddable":true,"href":"http:\/\/csepelfc.hu\/index.php\/wp-json\/wp\/v2\/users\/4"}],"replies":[{"embeddable":true,"href":"http:\/\/csepelfc.hu\/index.php\/wp-json\/wp\/v2\/comments?post=1613"}],"version-history":[{"count":6,"href":"http:\/\/csepelfc.hu\/index.php\/wp-json\/wp\/v2\/posts\/1613\/revisions"}],"predecessor-version":[{"id":1621,"href":"http:\/\/csepelfc.hu\/index.php\/wp-json\/wp\/v2\/posts\/1613\/revisions\/1621"}],"wp:featuredmedia":[{"embeddable":true,"href":"http:\/\/csepelfc.hu\/index.php\/wp-json\/wp\/v2\/media\/1614"}],"wp:attachment":[{"href":"http:\/\/csepelfc.hu\/index.php\/wp-json\/wp\/v2\/media?parent=1613"}],"wp:term":[{"taxonomy":"category","embeddable":true,"href":"http:\/\/csepelfc.hu\/index.php\/wp-json\/wp\/v2\/categories?post=1613"},{"taxonomy":"post_tag","embeddable":true,"href":"http:\/\/csepelfc.hu\/index.php\/wp-json\/wp\/v2\/tags?post=1613"}],"curies":[{"name":"wp","href":"https:\/\/api.w.org\/{rel}","templated":true}]}}