{"id":1606,"date":"2017-09-22T10:25:14","date_gmt":"2017-09-22T09:25:14","guid":{"rendered":"http:\/\/csepelfc.hu\/?p=1606"},"modified":"2017-09-22T10:26:35","modified_gmt":"2017-09-22T09:26:35","slug":"vasarnap-is-elkelne-a-meglepetes","status":"publish","type":"post","link":"http:\/\/csepelfc.hu\/index.php\/2017\/09\/22\/vasarnap-is-elkelne-a-meglepetes\/","title":{"rendered":"Vas\u00e1rnap is elk\u00e9lne a meglepet\u00e9s!"},"content":{"rendered":"<p>Feln\u0151tt egy\u00fcttes\u00fcnk a bajnoks\u00e1g egyik legnehezebb peri\u00f3dus\u00e1hoz \u00e9rt, egym\u00e1st k\u00f6vetik az \u00e9lcsapatok elleni tal\u00e1lkoz\u00f3k. A listavezet\u0151 \u00c9rd ut\u00e1n az ugyancsak bivalyer\u0151s Pusk\u00e1s Akad\u00e9mia II egy\u00fcttese k\u00f6vetkezik a sorban.<!--more-->Vas\u00e1rnapi ellenfel\u00fcnk j\u00f3l szerepel ebben az id\u00e9nyben, eddig csak a Gyirm\u00f3t FC Gy\u0151r II (0:1) \u00e9s a legut\u00f3bbi fordul\u00f3ban a Kaposv\u00e1ri R\u00e1k\u00f3czi (2:4) jelentett megoldhatatlan feladatot a szerb\u00a0Bojan Lazic edzette t\u00e1rsas\u00e1gnak. A Videoton II-t 2:0-ra, a P\u00e9nz\u00fcgy\u0151rt 1:0-ra vert\u00e9k, m\u00edg a III. Ker\u00fclet otthon\u00e1ban 5:0-ra siker\u00fclt nyerni\u00fck, az FC Ajka ellen pedig odahaza 1:1-es d\u00f6ntetlenre futotta erej\u00fckb\u0151l. Egy\u00fcttes\u00fcnk az \u00c9rd otthon\u00e1ban el\u00e9rt brav\u00far, majd egy h\u00e9tk\u00f6zi kupafiask\u00f3 ut\u00e1n, jelenleg a 10 . helyen \u00e1llva\u00a0 bajnoks\u00e1gban v\u00e1rja\u00a0a folytat\u00e1st, ami rem\u00e9lhet\u0151leg az elm\u00falt h\u00e9tv\u00e9gihez hasonl\u00f3an alakul majd.<\/p>\n<p><strong>Gabala Kriszti\u00e1n szakmai vezet\u0151:<\/strong> &#8211; N\u00e9h\u00e1nyszor megn\u00e9ztem az idei Pusk\u00e1s AFC II-t \u00e9s azt tapasztaltam, hogy a felcs\u00fatiak t\u00f6rt\u00e9net\u00e9nek egyik leger\u0151sebb harmadoszt\u00e1ly\u00fa g\u00e1rd\u00e1j\u00e1t alak\u00edtott\u00e1k ki. Nagyon szervezett, fizik\u00e1lisan j\u00f3l felk\u00e9sz\u00edtett egy\u00fcttes, tele tehets\u00e9ges, fiatal j\u00e1t\u00e9kossal, akik el\u0151tt sz\u00e9p j\u00f6v\u0151 \u00e1llhat. Nagyon neh\u00e9z tal\u00e1lkoz\u00f3ra \u00e9s egy ki-ki m\u00e9rk\u0151z\u00e9sre sz\u00e1m\u00edtok, amin pici apr\u00f3 dolgok d\u00f6nthetnek majd.<\/p>\n","protected":false},"excerpt":{"rendered":"<div class=\"mh-excerpt\"><p>Feln\u0151tt egy\u00fcttes\u00fcnk a bajnoks\u00e1g egyik legnehezebb peri\u00f3dus\u00e1hoz \u00e9rt, egym\u00e1st k\u00f6vetik az \u00e9lcsapatok elleni tal\u00e1lkoz\u00f3k. A listavezet\u0151 \u00c9rd ut\u00e1n az ugyancsak bivalyer\u0151s Pusk\u00e1s Akad\u00e9mia II egy\u00fcttese k\u00f6vetkezik a sorban.<\/p>\n<\/div>","protected":false},"author":4,"featured_media":1607,"comment_status":"closed","ping_status":"open","sticky":false,"template":"","format":"standard","meta":{"jetpack_publicize_message":"","jetpack_is_tweetstorm":false,"jetpack_publicize_feature_enabled":true},"categories":[1,7],"tags":[],"jetpack_publicize_connections":[],"jetpack_featured_media_url":"http:\/\/csepelfc.hu\/wp-content\/uploads\/2017\/09\/Csepel-Pusk\u00e1s-AFC.jpg","jetpack_sharing_enabled":true,"jetpack_shortlink":"https:\/\/wp.me\/p83FEU-pU","_links":{"self":[{"href":"http:\/\/csepelfc.hu\/index.php\/wp-json\/wp\/v2\/posts\/1606"}],"collection":[{"href":"http:\/\/csepelfc.hu\/index.php\/wp-json\/wp\/v2\/posts"}],"about":[{"href":"http:\/\/csepelfc.hu\/index.php\/wp-json\/wp\/v2\/types\/post"}],"author":[{"embeddable":true,"href":"http:\/\/csepelfc.hu\/index.php\/wp-json\/wp\/v2\/users\/4"}],"replies":[{"embeddable":true,"href":"http:\/\/csepelfc.hu\/index.php\/wp-json\/wp\/v2\/comments?post=1606"}],"version-history":[{"count":2,"href":"http:\/\/csepelfc.hu\/index.php\/wp-json\/wp\/v2\/posts\/1606\/revisions"}],"predecessor-version":[{"id":1609,"href":"http:\/\/csepelfc.hu\/index.php\/wp-json\/wp\/v2\/posts\/1606\/revisions\/1609"}],"wp:featuredmedia":[{"embeddable":true,"href":"http:\/\/csepelfc.hu\/index.php\/wp-json\/wp\/v2\/media\/1607"}],"wp:attachment":[{"href":"http:\/\/csepelfc.hu\/index.php\/wp-json\/wp\/v2\/media?parent=1606"}],"wp:term":[{"taxonomy":"category","embeddable":true,"href":"http:\/\/csepelfc.hu\/index.php\/wp-json\/wp\/v2\/categories?post=1606"},{"taxonomy":"post_tag","embeddable":true,"href":"http:\/\/csepelfc.hu\/index.php\/wp-json\/wp\/v2\/tags?post=1606"}],"curies":[{"name":"wp","href":"https:\/\/api.w.org\/{rel}","templated":true}]}}