{"id":1591,"date":"2017-09-21T19:43:39","date_gmt":"2017-09-21T18:43:39","guid":{"rendered":"http:\/\/csepelfc.hu\/?p=1591"},"modified":"2017-09-22T11:02:05","modified_gmt":"2017-09-22T10:02:05","slug":"up-ez-a-kor-is-jol-sikerult-a-lanyok-is-gyozelemmel-csatlakoztak","status":"publish","type":"post","link":"http:\/\/csepelfc.hu\/index.php\/2017\/09\/21\/up-ez-a-kor-is-jol-sikerult-a-lanyok-is-gyozelemmel-csatlakoztak\/","title":{"rendered":"UP: ez a k\u00f6r is j\u00f3l siker\u00fclt, a l\u00e1nyok is gy\u0151zelemmel csatlakoztak"},"content":{"rendered":"<p>Folytat\u00f3dtak ut\u00e1np\u00f3tl\u00e1scsapataink bajnoki k\u00fczdelmei, ahov\u00e1 m\u00e1r a kit\u0171n\u0151en deb\u00fct\u00e1l\u00f3 Csepel FC -s l\u00e1nyok is bekapcsol\u00f3dtak. Ism\u00e9t a sikerek fel\u00e9 billent a m\u00e9rleg nyelve, volt ahol par\u00e1d\u00e9s g\u00f3lk\u00fcl\u00f6nbs\u00e9ggel.<!--more--><\/p>\n<p><strong>MLSZ U-17 III. oszt\u00e1ly K\u00f6z\u00e9p-Nyugat 3. fordul\u00f3<\/strong><\/p>\n<p><strong>Ikarusz-Maroshegy \u2013 Csepel FC 0:1 (0:0)<\/strong><\/p>\n<p><strong>Csepel FC:<\/strong> T\u00f3th Zolt\u00e1n \u2013 Kov\u00e1cs Dominik, Horv\u00e1th \u00c1kos, Strum Gerg\u0151, Mondok Rich\u00e1rd,\u00a0Bar\u00e1th Bence (Gladkov Zolt\u00e1n &#8217;89), Banitz R\u00f3bert, Lencs\u00e9s Attila (Farkas Ren\u00e1t\u00f3 &#8217;46), Hegyes M\u00e1rton, Vas Gergely (M\u00e1t\u00e9 Gerg\u0151 &#8217;65), Hinics Mil\u00e1n<\/p>\n<p><strong>Edz\u0151:<\/strong> Pop Rich\u00e1rd, Kincses B\u00e9la, Borda Viktor<\/p>\n<p><strong>Ikarusz-Maroshegy:\u00a0<\/strong><span style=\"font-family: Times New Roman,serif;\"><span style=\"font-size: large;\">Szolnoki P. \u2013 <\/span><\/span><span style=\"font-family: Times New Roman,serif;\"><span style=\"font-size: large;\">Ugrits D., <\/span><\/span><span style=\"font-family: Times New Roman,serif;\"><span style=\"font-size: large;\">Bir\u00f3 B. <\/span><\/span><span style=\"font-family: Times New Roman,serif;\"><span style=\"font-size: large;\">Andr\u00e1sy M., <\/span><\/span><span style=\"font-family: Times New Roman,serif;\"><span style=\"font-size: large;\">V\u00e9kony Noel (63&#8242; <\/span><\/span><span style=\"font-family: Times New Roman,serif;\"><span style=\"font-size: large;\">N\u00e1nai M.), <\/span><\/span><span style=\"font-family: Times New Roman,serif;\"><span style=\"font-size: large;\">Szab\u00f3 B. Cs.,(<\/span><\/span><span style=\"font-family: Times New Roman,serif;\"><span style=\"font-size: large;\">&#8217;79 Csada E.), <\/span><\/span><span style=\"font-family: Times New Roman,serif;\"><span style=\"font-size: large;\">Mad\u00e1r G., <\/span><\/span><span style=\"font-family: Times New Roman,serif;\"><span style=\"font-size: large;\">M\u00e1tyus M., <\/span><\/span><span style=\"font-family: Times New Roman,serif;\"><span style=\"font-size: large;\">F\u00f6venyi K. (69&#8242; <\/span><\/span><span style=\"font-family: Times New Roman,serif;\"><span style=\"font-size: large;\">Szab\u00f3 P.), <\/span><\/span><span style=\"font-family: Times New Roman,serif;\"><span style=\"font-size: large;\">B\u00e9kefi B., <\/span><\/span><span style=\"font-family: Times New Roman,serif;\"><span style=\"font-size: large;\">Szontagh P. (79&#8242;<\/span><\/span><span style=\"font-family: Times New Roman,serif;\"><span style=\"font-size: large;\">Szente B.) <\/span><\/span><\/p>\n<p><strong>G.: <\/strong>Bar\u00e1th Bence &#8217;53<\/p>\n<p><strong>Pop Rich\u00e1rd: <\/strong>\u2013 Kifejezetten j\u00f3 er\u0151kb\u0151l \u00e1ll\u00f3 ellenfelet siker\u00fclt legy\u0171rni, el\u0151zetesen k\u00f6nnyebb m\u00e9rk\u0151z\u00e9sre sz\u00e1m\u00edtottam, de a sr\u00e1cok j\u00f3l \u00e1lltak hozz\u00e1 a m\u00e9rk\u0151z\u00e9shez. Ellenfel\u00fcnknek egyetlen helyzete sem volt a tal\u00e1lkoz\u00f3n, \u00edgy a v\u00e9delm\u00fcnk j\u00f3l funkcion\u00e1lt, el\u00f6l pedig egy kis szerencs\u00e9vel ak\u00e1r 3-4 g\u00f3lt is el\u00e9rhett\u00fcnk volna. Bizakod\u00f3 vagyok az el\u0151tt\u00fcnk \u00e1ll\u00f3 tal\u00e1lkoz\u00f3k el\u0151tt, igaz vannak gondjaink a s\u00e9r\u00fclteket illet\u0151en, de a csapatot el\u00e9g er\u0151snek \u00e9rzem ahhoz, hogy ism\u00e9t egy j\u00f3 eredm\u00e9nyt \u00e9rj\u00fcnk el.<\/p>\n<p><strong>J\u00f3k: <\/strong>Hinics Mil\u00e1n, Mondok Rich\u00e1rd, Horv\u00e1th \u00c1kos, Banitz R\u00f3bert<\/p>\n<p><strong>MLSZ U-19 III. oszt\u00e1ly K\u00f6z\u00e9p-Nyugat 3. fordul\u00f3<\/strong><\/p>\n<p><strong>Ikarusz-Maroshegy \u2013 Csepel FC 1:16 (1:5)<\/strong><\/p>\n<p><strong>Csepel FC:<\/strong> V\u00e9gh Kriszti\u00e1n \u2013 Bakos Levente (Vit\u00e1rius Gergely &#8217;46), Szab\u00f3 Viktor (Gy\u0151ri Barnab\u00e1s &#8217;46),\u00a0V\u00f6r\u00f6s Bence, Szab\u00f3 Rich\u00e1rd,\u00a0Sebesty\u00e9n L\u00e1szl\u00f3 (T\u00f3th M\u00e1rton \u201946), Kutika D\u00e1niel, \u00c1rkocsevics Mil\u00e1n (Frankow Mikl\u00f3s &#8217;62), Kaszab Ferenc, Papp \u00c1d\u00e1m (Garai \u00c1d\u00e1m &#8217;46), Torda Bence<\/p>\n<p><strong>Edz\u0151:<\/strong> Borda Viktor, Kincses B\u00e9la, Pop Rich\u00e1rd<\/p>\n<p><strong>Ikarus-Maroshegy:\u00a0<\/strong><span style=\"font-family: Times New Roman,serif;\"><span style=\"font-size: large;\">Szente B.(Sz\u00e9n B. &#8217;77) \u2013\u00a0<\/span><\/span><span style=\"font-family: Times New Roman,serif;\"><span style=\"font-size: large;\">Vir\u00e1g A., <\/span><\/span><span style=\"font-family: Times New Roman,serif;\"><span style=\"font-size: large;\">Oszl\u00e1nyi-Salacz M., <\/span><\/span><span style=\"font-family: Times New Roman,serif;\"><span style=\"font-size: large;\">Makai A., <\/span><\/span><span style=\"font-family: Times New Roman,serif;\"><span style=\"font-size: large;\">Sasv\u00e1ri P., <\/span><\/span><span style=\"font-family: Times New Roman,serif;\"><span style=\"font-size: large;\">L\u00e1ng S. (&#8217;58 <\/span><\/span><span style=\"font-family: Times New Roman,serif;\"><span style=\"font-size: large;\">P\u00f3ta D.), <\/span><\/span><span style=\"font-family: Times New Roman,serif;\"><span style=\"font-size: large;\">Mikl\u00f3s D. (&#8217;52 <\/span><\/span><span style=\"font-family: Times New Roman,serif;\"><span style=\"font-size: large;\">N\u00e9meth K.), <\/span><\/span><span style=\"font-family: Times New Roman,serif;\"><span style=\"font-size: large;\">Sass A., <\/span><\/span><span style=\"font-family: Times New Roman,serif;\"><span style=\"font-size: large;\">Kiss R., <\/span><\/span><span style=\"font-family: Times New Roman,serif;\"><span style=\"font-size: large;\">Palsa H.(&#8217;77 <\/span><\/span><span style=\"font-family: Times New Roman,serif;\"><span style=\"font-size: large;\">Szunoman Z.), <\/span><\/span><span style=\"font-family: Times New Roman,serif;\"><span style=\"font-size: large;\">Kocsis M. <\/span><\/span><\/p>\n<p><strong>G.: <\/strong>L\u00e1ng S., ill. V\u00f6r\u00f6s Bence (6), Torda Bence (5), Kutika D\u00e1niel, Kaszab Ferenc, T\u00f3th M\u00e1rton, Gy\u0151ri Barnab\u00e1s, Garai \u00c1d\u00e1m<strong><br \/>\n<\/strong><\/p>\n<p><strong>Borda Viktor:<\/strong> \u2013 Szemre is tetszet\u0151s, kultur\u00e1lt k\u00f6r\u00fclm\u00e9nyek k\u00f6z\u00e9 \u00e9rkezt\u00fcnk vend\u00e9gl\u00e1t\u00f3nk \u00faj sporttelep\u00e9re, ahol vadonat\u00faj f\u00fcves labdar\u00fag\u00f3 p\u00e1lya v\u00e1rt a k\u00e9t csapatra. Ez eleve feldobta\u00a0j\u00e1t\u00e9kosaimat, akik a megszokott vehemenci\u00e1val vetett\u00e9k bele magukat a tal\u00e1lkoz\u00f3ba\u00a0az el\u0151zetesen kev\u00e9ss\u00e9 ismert j\u00e1t\u00e9ker\u0151t k\u00e9pvisel\u0151 Ikarusz-Maroshegy ellen. Er\u0151fesz\u00edt\u00e9seinket mintegy 20 perc eltelt\u00e9vel m\u00e1r siker koron\u00e1zta, ekkor m\u00e1r g\u00f3lokat is siker\u00fclt szerezn\u00fcnk. A sz\u00e1mszer\u0171 eredm\u00e9nyen k\u00edv\u00fcl a meccs legnagyobb er\u00e9nye az volt, hogy minden egyes p\u00e1ly\u00e1ra l\u00e9p\u0151 j\u00e1t\u00e9kos (gondolok itt els\u0151sorban a f\u00e9lidei cser\u00e9kre) elk\u00e9peszt\u0151en motiv\u00e1ltan &#8220;\u00e1lltak bele&#8221; a meccsbe, amit j\u00f3 volt l\u00e1tni. T\u00edz g\u00f3l ut\u00e1n is volt hajt\u00e1s, motiv\u00e1lts\u00e1g, \u00fajabb g\u00f3lra val\u00f3 t\u00f6rekv\u00e9s, ami edz\u0151i szempontb\u00f3l n\u00e9zve nagy pozit\u00edvum.<\/p>\n<p><strong>J\u00f3k: <\/strong>V\u00f6r\u00f6s Bence, Torda Bence valamint a legal\u00e1bb t\u00edz g\u00f3lpasszig jut\u00f3 Kaszab Ferenc<\/p>\n<p><strong>BLSZ IFJ\u00daS\u00c1GI U-17 3. fordul\u00f3<\/strong><\/p>\n<p><strong>Csepel FC \u2013 ASR G\u00e1zgy\u00e1r\u00a0 4:2 (2:1)<\/strong><\/p>\n<p><strong>Csepel FC:<\/strong> Perj\u00e9ssy Kriszti\u00e1n (Meiszterics Lajos &#8217;70) \u2013 Mondok Rich\u00e1rd (Vas Gergely &#8217;46) ,\u00a0M\u00e1t\u00e9 Gerg\u0151, D\u00f6br\u00f6cz\u00f6ni Csaba, Banitz R\u00f3bert (Braun Rajmund &#8217;46), Ujfalusi Zsolt, Lencs\u00e9s Attila, Cz\u00e9km\u00e1ny \u00c1d\u00e1m (Kov\u00e1cs Dominik &#8217;46), Farkas Ren\u00e1t\u00f3 (Kaposv\u00e1ri M\u00e1t\u00e9 &#8217;82), Gladkov Zolt\u00e1n,\u00a0K\u0151hegyi Zsombor<\/p>\n<p><strong>ASR G\u00e1zgy\u00e1r:\u00a0<\/strong><span style=\"font-family: Times New Roman,serif;\"><span style=\"font-size: large;\">Fuksz A. \u2013\u00a0<\/span><\/span><span style=\"font-family: Times New Roman,serif;\"><span style=\"font-size: large;\">L\u00e1szl\u00f3 G., <\/span><\/span><span style=\"font-family: Times New Roman,serif;\"><span style=\"font-size: large;\">Vadon, <\/span><\/span><span style=\"font-family: Times New Roman,serif;\"><span style=\"font-size: large;\">G\u0151gh M., <\/span><\/span><span style=\"font-family: Times New Roman,serif;\"><span style=\"font-size: large;\">K\u00e1li B., <\/span><\/span><span style=\"font-family: Times New Roman,serif;\"><span style=\"font-size: large;\">Feh\u00e9r P., <\/span><\/span><span style=\"font-family: Times New Roman,serif;\"><span style=\"font-size: large;\">K\u00f3tai T., <\/span><\/span><span style=\"font-family: Times New Roman,serif;\"><span style=\"font-size: large;\">Kiss M. (46&#8242; <\/span><\/span><span style=\"font-family: Times New Roman,serif;\"><span style=\"font-size: large;\">Boros M.), <\/span><\/span><span style=\"font-family: Times New Roman,serif;\"><span style=\"font-size: large;\">Mester \u00c1., <\/span><\/span><span style=\"font-family: Times New Roman,serif;\"><span style=\"font-size: large;\">Kiss D. (70&#8242;<\/span><\/span><span style=\"font-family: Times New Roman,serif;\"><span style=\"font-size: large;\">Arany M.), <\/span><\/span><span style=\"font-family: Times New Roman,serif;\"><span style=\"font-size: large;\">Fenyvesi Z. (73&#8242; <\/span><\/span><span style=\"font-family: Times New Roman,serif;\"><span style=\"font-size: large;\">Mari\u00e1n R.)<br \/>\n<\/span><\/span><\/p>\n<p><strong>Pop Rich\u00e1rd:<\/strong> \u2013 Nem volt k\u00e9rd\u00e9ses, hogy melyik a jobb csapat m\u00e9g ha az eredm\u00e9ny ezt nem is t\u00fckr\u00f6zi h\u0171en&#8230; \u00d6r\u00fcl\u00f6k annak, hogy mindenki lehet\u0151s\u00e9ghez jutott a tal\u00e1lkoz\u00f3n, gratul\u00e1lok a csapatnak.<\/p>\n<p>&nbsp;<\/p>\n<p><strong>MLSZ SERD\u00dcL\u0150 U-14 II. OSZT. K\u00f6z\u00e9p- B. 4. fordul\u00f3<\/strong><\/p>\n<p><strong>Dunaharaszti MTK\u00a0\u2013 Csepel FC SE 0:3 (0:2)<\/strong><\/p>\n<p><strong>DMTK: <\/strong>Bartha L. (60&#8217;Juh\u00e1sz J.) \u2013 Berkes G., Ungi M., Kir\u00e1ly M. (41&#8217;Benk\u0151 B.), Koller B., Horv\u00e1th Zs. (65&#8217;Br\u00e1da B.), D\u00e9k\u00e1ny B., Kincses A., B\u0151di P., Sipos N., T\u00f3th Zs. (&#8217;41 Losonczi J.)<\/p>\n<p><strong>Csepel FC:<\/strong> Gregus Gerg\u0151 (Papp Csaba &#8217;75) \u2013 Engelbrecht G\u00e1bor, Tak\u00e1cs Gergely,\u00a0Urbin Martin, Urbin M\u00e1rk, P\u00e1sztor P\u00e9ter, S\u00fck\u00f6sd Kriszti\u00e1n, Orosz B\u00e1lint, Kardos \u00c1d\u00e1m, Kiss Marcell, Tornyos Benedek<\/p>\n<p><strong>Edz\u0151:<\/strong> Elekes Zsolt<\/p>\n<p><strong>G.: <\/strong>P\u00e1sztor P\u00e9ter (2), Urbin Martin<\/p>\n<p><strong>Elekes Zsolt:<\/strong> \u2013B\u00e1r az els\u0151 f\u00e9lid\u0151ben k\u00f6vett\u00fcnk el hib\u00e1kat, a legnagyobb fegyvert\u00e9ny, hogy ism\u00e9t kapott g\u00f3l n\u00e9lk\u00fcl hoztuk a tal\u00e1lkoz\u00f3t. A m\u00e1sodik j\u00e1t\u00e9kr\u00e9szben m\u00e1r uraltuk a meccset, b\u00edzom benne, hogy j\u00f3 sz\u00e9ri\u00e1nk a tov\u00e1bbiakban is folytat\u00f3dik.<\/p>\n<p><strong>J\u00f3k: <\/strong>Kiss Marcell, P\u00e1sztor P\u00e9ter, Urbin Martin, Tak\u00e1cs Gergely<strong><br \/>\n<\/strong><\/p>\n<p>&nbsp;<\/p>\n<p><strong>MLSZ SERD\u00dcL\u0150 U-15 II. OSZT. K\u00f6z\u00e9p- B. 4. fordul\u00f3<\/strong><\/p>\n<p><strong>Dunaharaszti MTK\u00a0\u2013 Csepel FC SE 7:0 (4:0)<\/strong><\/p>\n<p><strong>DMTK: <\/strong><span style=\"font-family: Times New Roman,serif;\"><span style=\"font-size: large;\">P\u00e1ntya I. (66&#8242; <\/span><\/span><span style=\"font-family: Times New Roman,serif;\"><span style=\"font-size: large;\">Bartha L.) \u2013\u00a0<\/span><\/span><span style=\"font-family: Times New Roman,serif;\"><span style=\"font-size: large;\">Kiss B., <\/span><\/span><span style=\"font-family: Times New Roman,serif;\"><span style=\"font-size: large;\">Szab\u00f3 P., <\/span><\/span><span style=\"font-family: Times New Roman,serif;\"><span style=\"font-size: large;\">Verpel\u00e9ti N., <\/span><\/span><span style=\"font-family: Times New Roman,serif;\"><span style=\"font-size: large;\">Gyuris D., <\/span><\/span><span style=\"font-family: Times New Roman,serif;\"><span style=\"font-size: large;\">Bereczki K.(&#8217;53 <\/span><\/span><span style=\"font-family: Times New Roman,serif;\"><span style=\"font-size: large;\">Marlyin Z.), <\/span><\/span><span style=\"font-family: Times New Roman,serif;\"><span style=\"font-size: large;\">Erdei A., <\/span><\/span><span style=\"font-family: Times New Roman,serif;\"><span style=\"font-size: large;\">M\u00e9sz\u00e1ros V., <\/span><\/span><span style=\"font-family: Times New Roman,serif;\"><span style=\"font-size: large;\">Sulyok A., <\/span><\/span><span style=\"font-family: Times New Roman,serif;\"><span style=\"font-size: large;\">Dezs\u0151 M., <\/span><\/span><span style=\"font-family: Times New Roman,serif;\"><span style=\"font-size: large;\">Jakab N.(&#8217;66 <\/span><\/span><span style=\"font-family: Times New Roman,serif;\"><span style=\"font-size: large;\">N\u00e1das K.) <\/span><\/span><\/p>\n<p><strong>Csepel FC:<\/strong> Raduly Andr\u00e1s \u2013\u00a0Szikszai Attila, N\u00e1di Roland,Kmetz J\u00f3zsef,\u00a0D\u00f6me Erik, Vid\u00e1k Ren\u00e1t\u00f3, Varga Zolt\u00e1n, Kir\u00e1ly Bence, V\u00e9gh Patrik, \u00c1rend\u00e1s Csaba, Zs\u00edros B\u00e1lint<\/p>\n<p><strong>G.:<\/strong> Jakab N. (3), Kiss B. (2), Bereczky K., Szab\u00f3 P.<\/p>\n<p><strong>Elekes Zsolt: <\/strong>\u2013 B\u00e1r az eredm\u00e9nyen nem l\u00e1tszik, sokkal jobban j\u00e1tszottunk, mint a m\u00falt h\u00e9ten. Voltak helyzeteink, lassan l\u00e9peget\u00fcnk el\u0151re \u00e9s rem\u00e9lj\u00fck, hogy a s\u00e9r\u00fcltjeink, betegeink is mihamarabb ism\u00e9t csatlakozhatnak hozz\u00e1nk.<strong><br \/>\n<\/strong><\/p>\n<p><strong>J\u00f3k: <\/strong>N\u00e1di Roland, Varga Zolt\u00e1n<\/p>\n<p><strong>Le\u00e1ny U-16 HNP K\u00f6z\u00e9p csoport 3. fordul\u00f3<\/strong><\/p>\n<p><strong>Csepel FC \u2013 T\u00f6r\u00f6kb\u00e1lint-Buda\u00f6rs\u00a0 4:1 (0:0)<\/strong><\/p>\n<p><strong>Csepel FC: <\/strong><span style=\"font-family: Times New Roman,serif;\"><span style=\"font-size: large;\">Tak\u00e1cs E. Cseperke \u2013\u00a0<\/span><\/span><span style=\"font-family: Times New Roman,serif;\"><span style=\"font-size: large;\">Sarang Nikoletta, <\/span><\/span><span style=\"font-family: Times New Roman,serif;\"><span style=\"font-size: large;\">Szirovicza R\u00e9ka, <\/span><\/span><span style=\"font-family: Times New Roman,serif;\"><span style=\"font-size: large;\">Farkas Szilvia, <\/span><\/span><span style=\"font-family: Times New Roman,serif;\"><span style=\"font-size: large;\">Cserh\u00e1ti Dorina, <\/span><\/span><span style=\"font-family: Times New Roman,serif;\"><span style=\"font-size: large;\">Borsos Lili\u00e1na, <\/span><\/span><span style=\"font-family: Times New Roman,serif;\"><span style=\"font-size: large;\">B\u00e1lint Vikt\u00f3ria, <\/span><\/span><span style=\"font-family: Times New Roman,serif;\"><span style=\"font-size: large;\">Veress Gabriella, <\/span><\/span><span style=\"font-family: Times New Roman,serif;\"><span style=\"font-size: large;\">Zah\u00e1r Fl\u00f3ra Fanni<\/span><\/span><\/p>\n<p><strong>Cser\u00e9k:<\/strong>Sz\u0171cs Anna, Farkas Bogl\u00e1rka, Ferenczik Zo\u00e9, Moln\u00e1r Kincs\u0151<\/p>\n<p><strong>Edz\u0151: <\/strong>Elekes Zsolt, Tak\u00e1cs Kriszti\u00e1n<\/p>\n<p><strong>T\u00f6r\u00f6kb\u00e1lint- Buda\u00f6rs<\/strong>: <span style=\"font-family: Times New Roman,serif;\"><span style=\"font-size: large;\">Kapiller Csilla \u2013\u00a0<\/span><\/span><span style=\"font-family: Times New Roman,serif;\"><span style=\"font-size: large;\">Z\u00e1mb\u00f3 Lili, <\/span><\/span><span style=\"font-family: Times New Roman,serif;\"><span style=\"font-size: large;\">Boczk\u00f3, <\/span><\/span><span style=\"font-family: Times New Roman,serif;\"><span style=\"font-size: large;\">N\u00e9meth L\u00e9na, <\/span><\/span><span style=\"font-family: Times New Roman,serif;\"><span style=\"font-size: large;\">Bal\u00e1zs-Heged\u0171s R\u00e9ka, <\/span><\/span><span style=\"font-family: Times New Roman,serif;\"><span style=\"font-size: large;\">T\u00f3th Eszter, <\/span><\/span><span style=\"font-family: Times New Roman,serif;\"><span style=\"font-size: large;\">Boczk\u00f3 Bogl\u00e1rka, <\/span><\/span><span style=\"font-family: Times New Roman,serif;\"><span style=\"font-size: large;\">Kiss Beatrix, <\/span><\/span><span style=\"font-family: Times New Roman,serif;\"><span style=\"font-size: large;\">N\u00e9met Vivien, <\/span><\/span><span style=\"font-family: Times New Roman,serif;\"><span style=\"font-size: large;\">Ferenczy Alexandra<\/span><\/span><\/p>\n<p><strong>Cser\u00e9k:<\/strong> <span style=\"font-family: Times New Roman,serif;\"><span style=\"font-size: large;\">Tomk\u00f3 Lia, <\/span><\/span><span style=\"font-family: Times New Roman,serif;\"><span style=\"font-size: large;\">Csonka Lilla, <\/span><\/span><span style=\"font-family: Times New Roman,serif;\"><span style=\"font-size: large;\">Ferencz Alexandra <\/span><\/span><\/p>\n<p><strong>G.:<\/strong> Borsos Lili\u00e1na (3), Szirovicza R\u00e9ka, ill. N\u00e9met Vivien<\/p>\n","protected":false},"excerpt":{"rendered":"<div class=\"mh-excerpt\"><p>Folytat\u00f3dtak ut\u00e1np\u00f3tl\u00e1scsapataink bajnoki k\u00fczdelmei, ahov\u00e1 m\u00e1r a kit\u0171n\u0151en deb\u00fct\u00e1l\u00f3 Csepel FC -s l\u00e1nyok is bekapcsol\u00f3dtak. Ism\u00e9t a sikerek fel\u00e9 billent a m\u00e9rleg nyelve, volt ahol par\u00e1d\u00e9s g\u00f3lk\u00fcl\u00f6nbs\u00e9ggel.<\/p>\n<\/div>","protected":false},"author":4,"featured_media":1603,"comment_status":"closed","ping_status":"open","sticky":false,"template":"","format":"standard","meta":{"jetpack_publicize_message":"","jetpack_is_tweetstorm":false,"jetpack_publicize_feature_enabled":true},"categories":[1,3],"tags":[],"jetpack_publicize_connections":[],"jetpack_featured_media_url":"http:\/\/csepelfc.hu\/wp-content\/uploads\/2017\/09\/Csajok.jpg","jetpack_sharing_enabled":true,"jetpack_shortlink":"https:\/\/wp.me\/p83FEU-pF","_links":{"self":[{"href":"http:\/\/csepelfc.hu\/index.php\/wp-json\/wp\/v2\/posts\/1591"}],"collection":[{"href":"http:\/\/csepelfc.hu\/index.php\/wp-json\/wp\/v2\/posts"}],"about":[{"href":"http:\/\/csepelfc.hu\/index.php\/wp-json\/wp\/v2\/types\/post"}],"author":[{"embeddable":true,"href":"http:\/\/csepelfc.hu\/index.php\/wp-json\/wp\/v2\/users\/4"}],"replies":[{"embeddable":true,"href":"http:\/\/csepelfc.hu\/index.php\/wp-json\/wp\/v2\/comments?post=1591"}],"version-history":[{"count":15,"href":"http:\/\/csepelfc.hu\/index.php\/wp-json\/wp\/v2\/posts\/1591\/revisions"}],"predecessor-version":[{"id":1611,"href":"http:\/\/csepelfc.hu\/index.php\/wp-json\/wp\/v2\/posts\/1591\/revisions\/1611"}],"wp:featuredmedia":[{"embeddable":true,"href":"http:\/\/csepelfc.hu\/index.php\/wp-json\/wp\/v2\/media\/1603"}],"wp:attachment":[{"href":"http:\/\/csepelfc.hu\/index.php\/wp-json\/wp\/v2\/media?parent=1591"}],"wp:term":[{"taxonomy":"category","embeddable":true,"href":"http:\/\/csepelfc.hu\/index.php\/wp-json\/wp\/v2\/categories?post=1591"},{"taxonomy":"post_tag","embeddable":true,"href":"http:\/\/csepelfc.hu\/index.php\/wp-json\/wp\/v2\/tags?post=1591"}],"curies":[{"name":"wp","href":"https:\/\/api.w.org\/{rel}","templated":true}]}}