{"id":1583,"date":"2017-09-21T13:28:28","date_gmt":"2017-09-21T12:28:28","guid":{"rendered":"http:\/\/csepelfc.hu\/?p=1583"},"modified":"2017-09-21T13:28:28","modified_gmt":"2017-09-21T12:28:28","slug":"kupabucsu-szentlorincen","status":"publish","type":"post","link":"http:\/\/csepelfc.hu\/index.php\/2017\/09\/21\/kupabucsu-szentlorincen\/","title":{"rendered":"Kupab\u00facs\u00fa Szentl\u0151rincen"},"content":{"rendered":"<p>Csak a Magyar Kupa els\u0151 k\u00f6rben volt \u00e9rdekelt a Csepel FC feln\u0151tt labdar\u00fag\u00f3 csapata. A Szentl\u0151rinc SE vend\u00e9gek\u00e9nt nem sok bab\u00e9r termett egy\u00fcttes\u00fcnknek, akik m\u00e1r a k\u00f6vetkez\u0151 hazai bajnokira koncentr\u00e1lnak.<!--more--><\/p>\n<p><strong>Szentl\u0151rinc \u2013 Csepel FC 3:0 (2:0)<\/strong><br \/>\n<strong>Szentl\u0151rinc:<\/strong> Pac\u00e9ka \u2013 Temesv\u00e1ri (Aszal\u00f3s, 78.), Keresztes, Dud\u00e1s, N\u00e9meth \u2013 Bod\u00f3 \u2013 Havas, Hampuk (Berd\u00f3, 67.), V\u00e1gner, Vir\u00e1g \u2013 T\u00f3th A. <strong>Vezet\u0151edz\u0151:<\/strong> Turi Zsolt<\/p>\n<p><strong>Csepel FC:\u00a0<\/strong>L\u0151rincz P\u00e9ter\u00a0\u2013 T\u00f3th Csaba (46&#8242; Szab\u00f3 \u00c1d\u00e1m), Hesz Oliv\u00e9r, D\u00e9vai Csaba (63&#8217;Sebesty\u00e9n L\u00e1szl\u00f3), Korozm\u00e1n Norbert, Gauzer Levente (46&#8242; Simon Kriszti\u00e1n), Fisli Andr\u00e1s, Haraszk\u00f3 S\u00e1ndor, V\u00e1czi D\u00e1niel, Horv\u00e1th \u00c1d\u00e1m, Somodi \u00c1d\u00e1m <strong>Szakmai vezet\u0151:<\/strong> Gabala Kriszti\u00e1n<\/p>\n<p><strong>G.:<\/strong>T\u00f3th A. (27., 79.), Dud\u00e1s (45.)<\/p>\n<p><strong>Gabala Kriszti\u00e1n: &#8211; <\/strong>\u00d6sszess\u00e9g\u00e9ben meg\u00e9rdemelt a h\u00e1zigazda tov\u00e1bbjut\u00e1sa, sajnos hatalmas egy\u00e9ni hib\u00e1kat k\u00f6vet\u0151en kaptuk a g\u00f3ljainkat. A m\u00e1sodik f\u00e9lid\u0151ben helyzetek t\u00f6mkeleg\u00e9t hagytuk ki, ak\u00e1r negyed \u00f3ra alatt meg is ford\u00edthattuk volna a tal\u00e1lkoz\u00f3t. Sajnos azonban \u00fagy n\u00e9z ki, hogy m\u00e9g ilyenkor is tudunk olyan bakl\u00f6v\u00e9st elk\u00f6vetni, amivel megpecs\u00e9telj\u00fck saj\u00e1t sorsunkat&#8230; Nincs k\u00fcl\u00f6n\u00f6sebb jelent\u0151s\u00e9ge sz\u00e1munkra a kup\u00e1nak, jelen pillanatban a h\u00e9tv\u00e9gi bajnoki m\u00e9rk\u0151z\u00e9s mindenn\u00e9l fontosabb.<\/p>\n","protected":false},"excerpt":{"rendered":"<div class=\"mh-excerpt\"><p>Csak a Magyar Kupa els\u0151 k\u00f6rben volt \u00e9rdekelt a Csepel FC feln\u0151tt labdar\u00fag\u00f3 csapata. A Szentl\u0151rinc SE vend\u00e9gek\u00e9nt nem sok bab\u00e9r termett egy\u00fcttes\u00fcnknek, akik m\u00e1r a k\u00f6vetkez\u0151 hazai bajnokira koncentr\u00e1lnak.<\/p>\n<\/div>","protected":false},"author":4,"featured_media":1589,"comment_status":"closed","ping_status":"open","sticky":false,"template":"","format":"standard","meta":{"jetpack_publicize_message":"","jetpack_is_tweetstorm":false,"jetpack_publicize_feature_enabled":true},"categories":[1,7],"tags":[],"jetpack_publicize_connections":[],"jetpack_featured_media_url":"http:\/\/csepelfc.hu\/wp-content\/uploads\/2017\/09\/magyarkupa-12.jpg","jetpack_sharing_enabled":true,"jetpack_shortlink":"https:\/\/wp.me\/p83FEU-px","_links":{"self":[{"href":"http:\/\/csepelfc.hu\/index.php\/wp-json\/wp\/v2\/posts\/1583"}],"collection":[{"href":"http:\/\/csepelfc.hu\/index.php\/wp-json\/wp\/v2\/posts"}],"about":[{"href":"http:\/\/csepelfc.hu\/index.php\/wp-json\/wp\/v2\/types\/post"}],"author":[{"embeddable":true,"href":"http:\/\/csepelfc.hu\/index.php\/wp-json\/wp\/v2\/users\/4"}],"replies":[{"embeddable":true,"href":"http:\/\/csepelfc.hu\/index.php\/wp-json\/wp\/v2\/comments?post=1583"}],"version-history":[{"count":6,"href":"http:\/\/csepelfc.hu\/index.php\/wp-json\/wp\/v2\/posts\/1583\/revisions"}],"predecessor-version":[{"id":1590,"href":"http:\/\/csepelfc.hu\/index.php\/wp-json\/wp\/v2\/posts\/1583\/revisions\/1590"}],"wp:featuredmedia":[{"embeddable":true,"href":"http:\/\/csepelfc.hu\/index.php\/wp-json\/wp\/v2\/media\/1589"}],"wp:attachment":[{"href":"http:\/\/csepelfc.hu\/index.php\/wp-json\/wp\/v2\/media?parent=1583"}],"wp:term":[{"taxonomy":"category","embeddable":true,"href":"http:\/\/csepelfc.hu\/index.php\/wp-json\/wp\/v2\/categories?post=1583"},{"taxonomy":"post_tag","embeddable":true,"href":"http:\/\/csepelfc.hu\/index.php\/wp-json\/wp\/v2\/tags?post=1583"}],"curies":[{"name":"wp","href":"https:\/\/api.w.org\/{rel}","templated":true}]}}