{"id":1537,"date":"2017-09-14T20:04:39","date_gmt":"2017-09-14T19:04:39","guid":{"rendered":"http:\/\/csepelfc.hu\/?p=1537"},"modified":"2017-09-15T13:18:14","modified_gmt":"2017-09-15T12:18:14","slug":"up","status":"publish","type":"post","link":"http:\/\/csepelfc.hu\/index.php\/2017\/09\/14\/up\/","title":{"rendered":"UP: sorozatos m\u00e9rk\u0151z\u00e9sek sikerekkel t\u0171zdelve"},"content":{"rendered":"<p>Ut\u00e1np\u00f3tl\u00e1sunk szinte fut\u00f3szalagon j\u00e1tssza bajnoki m\u00e9rk\u0151z\u00e9seit, nem csak h\u00e9tv\u00e9g\u00e9n, hanem a h\u00e9t k\u00f6zben is p\u00e1ly\u00e1n voltak, vannak fiataljaink. A teljes\u00edtm\u00e9nyt tekintve ink\u00e1bb t\u00f6bb, mint kevesebb sikerrel.<!--more--><\/p>\n<p><strong><span style=\"font-family: Thread-000025f4-Id-00000051;\">MLSZ U-17 III. oszt\u00e1ly K\u00f6z\u00e9p-Nyugat 2. fordul\u00f3<\/span><\/strong><\/p>\n<p><strong><span style=\"font-family: Thread-000025f4-Id-00000051;\">Csepel FC \u2013 Sz\u00e1zhalombattai VUK SE 5:0 (3:0)<\/span><\/strong><\/p>\n<p><strong>Csepel FC:<\/strong> T\u00f3th Zolt\u00e1n \u2013 Kov\u00e1cs Dominik (Hegyes M\u00e1rton &#8217;46), Horv\u00e1th \u00c1kos, Strum Gerg\u0151, M\u00e1t\u00e9 Gerg\u0151, Mondok Rich\u00e1rd,\u00a0Bar\u00e1th Bence (Farkas Ren\u00e1t\u00f3 \u201960),\u00a0Varga Botond,\u00a0Banitz R\u00f3bert, Lencs\u00e9s Attila, Hinics Mil\u00e1n<\/p>\n<p><strong>Edz\u0151:<\/strong> Pop Rich\u00e1rd, Kincses B\u00e9la, Borda Viktor<\/p>\n<p><strong><span style=\"font-family: Thread-000025f4-Id-00000051;\">Sz\u00e1zhalombatta: <\/span><\/strong><span style=\"font-family: Thread-000025f4-Id-00000051;\">Szalkai \u00c1<\/span><strong><span style=\"font-family: Thread-000025f4-Id-00000051;\">.<\/span><\/strong> \u2013 S\u00e1gi A., T\u00f3th \u00c1., N\u00e9meth B., Borb\u00e9ly B. (M\u00e9sz\u00e1ros Cs. &#8217;70), Papp G., Petrovics \u00c1., Fazekas P., Rizojanisz P., Nov\u00e1k D., Henrik V (Bessenyei M. &#8217;58)<\/p>\n<p><strong><span style=\"font-family: Thread-000025f4-Id-00000051;\">G.:<\/span><\/strong> M\u00e1t\u00e9 Gerg\u0151, Bar\u00e1th Bence, Varga Botond, Horv\u00e1th \u00c1kos, Hinics Mil\u00e1n<\/p>\n<p><strong><span style=\"font-family: Thread-000025f4-Id-00000051;\">Pop Rich\u00e1rd: \u2013\u00a0<\/span><\/strong><span style=\"font-family: Thread-000025f4-Id-00000051;\">J\u00f3l kezdt\u00fck a m\u00e9rk\u0151z\u00e9st \u00e9s m\u00e1r az elej\u00e9t\u0151l kezdve szinte minden t\u00e9ren ellenfel\u00fcnk f\u00f6l\u00e9 n\u0151tt\u00fcnk, ami a g\u00f3lok sz\u00e1m\u00e1ban m\u00e9g \u00edgy sem mutatkozott meg teljess\u00e9ggel, ugyanis t\u00f6bb k\u00edn\u00e1lkoz\u00f3 lehet\u0151s\u00e9g\u00fcnket elpusk\u00e1ztuk. Ami picit csal\u00f3d\u00e1st jelentett az az, hogy a m\u00e1sodik f\u00e9lid\u0151ben elk\u00e9nyelmesedett a j\u00e1t\u00e9kunk, amit a j\u00f6v\u0151ben nem engedhet\u00fcnk meg magunknak, m\u00e9g akkor sem ha ellenfel\u00fcnkn\u00e9l sokkal jobbak vagyunk. L\u00e1tok el\u0151rel\u00e9p\u00e9st a csapatj\u00e1t\u00e9kban, de \u00e9szn\u00e9l kell lenn\u00fcnk, mert m\u00e9g rengeteg embert pr\u00f3b\u00e1l\u00f3 feladat \u00e1ll el\u0151tt\u00fcnk amit nem vehet\u00fcnk f\u00e9lv\u00e1llr\u00f3l.<\/span><\/p>\n<p><strong><span style=\"font-family: Thread-000025f4-Id-00000051;\">MLSZ U-19 III. oszt\u00e1ly K\u00f6z\u00e9p-Nyugat 2. fordul\u00f3<\/span><\/strong><\/p>\n<p><strong><span style=\"font-family: Thread-000025f4-Id-00000051;\">Csepel FC \u2013 Sz\u00e1zhalombattai VUK SE 6:0 (4:0)<\/span><\/strong><\/p>\n<p><strong><span style=\"font-family: Thread-000025f4-Id-00000051;\">Csepel FC:<\/span><\/strong> V\u00e9gh Kriszti\u00e1n \u2013 Bakos Levente, Gy\u0151ri Barnab\u00e1s, Szab\u00f3 Rich\u00e1rd (T\u00f3th M\u00e1rton &#8217;46), Sebesty\u00e9n L\u00e1szl\u00f3, Kutika D\u00e1niel, Garai \u00c1d\u00e1m (Rakitvoszky Viktor &#8217;58), Papp \u00c1d\u00e1m (V\u00f6r\u00f6s Bence &#8217;46), \u00c1rkocsevics Mil\u00e1n, Kaszab Ferenc, Torda Bence <strong><span style=\"font-family: Thread-000025f4-Id-00000051;\">Edz\u0151:<\/span><\/strong> Borda Viktor, Kincses B\u00e9la<\/p>\n<p><strong>Sz\u00e1zhalombatta:<\/strong> Mihaik G. \u2013 Novoz\u00e1nszky Zs., Telek M., Schneider D., Csuk\u00e1s D., Hodula V., V\u00f6r\u00f6s M., Szab\u00f3 T., Kismih\u00e1ly L., (Papp G. &#8217;70), Koszta Z. (V\u00e1g\u00f3 \u00c1. &#8217;46), Rapai D.<\/p>\n<p><strong><span style=\"font-family: Thread-000025f4-Id-00000051;\">G.: <\/span><\/strong><span style=\"font-family: Thread-000025f4-Id-00000051;\">Kaszab Ferenc (<\/span><span style=\"font-family: Thread-000025f4-Id-00000051;\">3), Torda Bence, V\u00f6r\u00f6s Bence, Gy\u0151ri Barnab\u00e1s<\/span><\/p>\n<p><strong><span style=\"font-family: Thread-000025f4-Id-00000051;\">Borda Viktor:<\/span><\/strong> \u2013 Egy szervezetten futballozni pr\u00f3b\u00e1l\u00f3 ellenfelet gy\u0151zt\u00fcnk le magabiztosan, j\u00f3 j\u00e1t\u00e9kkal. V\u00e9delm\u00fcnk gyakorlatilag munka n\u00e9lk\u00fcl maradt ezen a tal\u00e1lkoz\u00f3n, el\u0151refel\u00e9 pedig j\u00f3l m\u0171k\u00f6d\u00f6tt a let\u00e1mad\u00e1sunk. Azt gondolom, hogy az ilyen ar\u00e1ny\u00fa gy\u0151zelm\u00fcnk is meg\u00e9rdemelt,\u00a0siker\u00fclt a csapatot forgatni is, ami a BLSZ -es meccseink miatt is fontos, azt gondolom, hogy bizakodva v\u00e1rhatjuk a k\u00f6vetkez\u0151 tal\u00e1lkoz\u00f3nkat is.<\/p>\n<p><strong><span style=\"font-family: Thread-000025f4-Id-00000051;\">J\u00f3k:<\/span><\/strong> Gy\u0151ri Barnab\u00e1s<\/p>\n<p>&nbsp;<\/p>\n<p><strong><span style=\"font-family: Thread-000025f4-Id-00000051;\">BLSZ IFJ\u00daS\u00c1GI U-19 2. fordul\u00f3<\/span><\/strong><\/p>\n<p><strong><span style=\"font-family: Thread-000025f4-Id-00000051;\">\u00a0Szent Istv\u00e1n SE \u2013 \u00a0Csepel FC 4:3 (3:0)<\/span><\/strong><\/p>\n<p><strong>\u00a0Szent Istv\u00e1n SE:<\/strong> Fodor Sz. (S\u0151r\u00e9s \u00c1.) \u2013\u00a0Barizs M., Szil\u00e1rdi K., Szerdai Zs., Tam\u00e1si G., Bottlik D., Sebesi Z., D\u00e9v\u00e9nyi M. (Holl\u00f3 \u00c1.), Hajdi Z., Szrnka B., Laczk\u00f3 Zs.<\/p>\n<p><strong><span style=\"font-family: Thread-000025f4-Id-00000051;\">Csepel FC:<\/span><\/strong> Perj\u00e9ssy Kriszti\u00e1n \u2013 Vit\u00e1rius Gerg\u0151, Szab\u00f3 Viktor, Frankow Mikl\u00f3s, D\u00f6br\u00f6cz\u00f6ni Csaba, Ujfalusi Zsolt, T\u00fcske Zolt\u00e1n, Tolm\u00e1csi Ferenc (Cz\u00e9km\u00e1ny \u00c1d\u00e1m), Gladkov Zolt\u00e1n (Kaposv\u00e1ri M\u00e1t\u00e9), Vas Gergely, K\u0151hegyi Zsombor (Meiszterics Lajos)<\/p>\n<p><strong><span style=\"font-family: Thread-000025f4-Id-00000051;\">Edz\u0151:<\/span><\/strong> Kincses B\u00e9la, Pop Rich\u00e1rd, Borda Viktor<\/p>\n<p><strong><span style=\"font-family: Thread-000025f4-Id-00000051;\">G.:<\/span><\/strong> Szerdai Zs., Szil\u00e1di K. (2), Laczk\u00f3 Zs., ill. Tom\u00e1csi Ferenc (2), D\u00f6br\u00f6cz\u00f6ni Csaba<\/p>\n<p><strong><span style=\"font-family: Thread-000025f4-Id-00000051;\">Kincses B\u00e9la: \u2013 <\/span><\/strong><span style=\"font-family: Thread-000025f4-Id-00000051;\">Az els\u0151 f\u00e9lid\u0151t \u00e1tadtuk ellenfel\u00fcnknek, uralt\u00e1k a mez\u0151nyt f\u0151k\u00e9pp a k\u00f6z\u00e9pp\u00e1ly\u00e1n, nek\u00fcnk csup\u00e1n egy kapuf\u00e1ra futotta&#8230; A m\u00e1sodik f\u00e9lid\u0151re kicsit \u00e1tform\u00e1ltam a csapatot \u00e9s 11 perc alatt r\u00fagtunk is h\u00e1rom g\u00f3lt, ott \u00e9s akkor k\u00f6zelebb is \u00e1lltunk a gy\u0151zelemhez. Sokat elmond, hogy kapusuk csak akkor tal\u00e1lkozott a labd\u00e1val, amikor kivette azt a h\u00e1l\u00f3b\u00f3l. Sajnos n\u00e9h\u00e1ny perccel a v\u00e9ge el\u0151tt egy kapu el\u0151tti kavarod\u00e1sn\u00e1l egyik v\u00e9d\u0151nk labda helyett az ellenfelet r\u00fagta meg, ami 11-est, majd \u00fajabb kapott g\u00f3lt vont maga ut\u00e1n, \u00edgy kaptunk ki 4:3-ra. A sr\u00e1cokban megvan egy bizonyos m\u00e9rt\u00e9k\u0171 tud\u00e1s a labdar\u00fag\u00e1sb\u00f3l, amit\u00a0 id\u0151nk\u00e9nt kihoznak magukb\u00f3l (0:3-r\u00f3l ugyanis nem mindenki tud egaliz\u00e1lni), a c\u00e9lunk az, hogy ezt min\u00e9l t\u00f6bbsz\u00f6r \u00e9s folyamatosan\u00a0tegy\u00e9k!<\/span><\/p>\n<p><strong>J\u00f3k:<\/strong> Perj\u00e9ssy Kriszti\u00e1n, Tolm\u00e1csi Ferenc, Vas Gergely<\/p>\n<p><strong>BLSZ IFJ\u00daS\u00c1GI U-19 3. fordul\u00f3<\/strong><\/p>\n<p><strong>Csepel FC \u2013\u00a0II. Ker\u00fcleti UFC\u00a03:1 (2:0)<\/strong><\/p>\n<p><strong>\u00a0II. Ker\u00fcleti UFC:<\/strong> Wein Z. \u2013\u00a0T\u00f6r\u00f6k N. (T\u00f3th J.), T\u00f3bi\u00e1s M., Pad\u00e1nyi D., Er\u0151s M., Czip\u00f3 \u00c1., Farkas S. (Dolgener F.), Smel\u00f3 I., Nagy D.(N\u00e9meth D.),Stij\u00e1rt\u00f3 A., Nyitrai T.<\/p>\n<p><strong>Csepel FC:<\/strong> Perj\u00e9ssy Kriszti\u00e1n \u2013 Vit\u00e1rius Gerg\u0151, Borza Bence, D\u00f6br\u00f6cz\u00f6ni Csaba, Gy\u0151ri Barnab\u00e1s (Cz\u00e9km\u00e1ny \u00c1d\u00e1m), Szab\u00f3 Rich\u00e1rd (Kaposv\u00e1ri M\u00e1t\u00e9), Ujfalusi Zsolt, T\u00fcske Zolt\u00e1n, Gladkov Zolt\u00e1n, \u00c1rkocsevics Mil\u00e1n (Meiszterics Lajos), Frankow Mikl\u00f3s<\/p>\n<p><strong>Edz\u0151:<\/strong> Kincses B\u00e9la, Pop Rich\u00e1rd, Borda Viktor<\/p>\n<p><strong>G.:<\/strong> Borza Bence (2), Szab\u00f3 Rich\u00e1rd, ill. Nyitrai T.<\/p>\n<p><strong>Kincses B\u00e9la: <\/strong>\u2013 Az els\u0151 f\u00e9lid\u0151ben teljesen nek\u00fcnk \u00e1llt a j\u00e1t\u00e9k, mindenki azt j\u00e1tszotta, amit k\u00e9rtem t\u0151le, nem bonyol\u00edtott\u00e1k t\u00fal a feladataikat. A\u00a0m\u00e1sodikban pedig\u00a0igyekeztem minden olyan j\u00e1t\u00e9kosnak lehet\u0151s\u00e9get adni, akik am\u00fagy kevesebbszer l\u00e9pnek p\u00e1ly\u00e1ra. Sajnos a m\u00e1sodik f\u00e9lid\u0151 elej\u00e9n D\u00f6br\u00f6cz\u00f6ni megs\u00e9r\u00fclt, \u00edgy nemvoltunk t\u00fal j\u00f3 helyzetben, \u00e1m ebb\u0151l a peri\u00f3dusb\u00f3l az\u00e9rt kiemeln\u00e9m Borza Bence m\u00e1sodik g\u00f3lj\u00e1t, aki f\u00e9lp\u00e1ly\u00e1s sz\u00f3l\u00f3t k\u00f6vet\u0151en l\u0151tte be a maga m\u00e1sodik, a csapat\u00a0harmadik tal\u00e1lat\u00e1t.\u00a0Az igazs\u00e1ghoz hozz\u00e1tartozik hogy a m\u00e1sodik j\u00e1t\u00e9kr\u00e9szben sokat volt a kapunk el\u0151tt a labda \u00e9s a\u00a0szerencs\u00e9vel sem \u00e1lltunk hadil\u00e1bon, ellenfel\u00fcnk r\u00fagott n\u00e9gy kapuf\u00e1t is, de\u00a0egy j\u00f3 csapatnak szerencs\u00e9je is van n\u00e9ha.<\/p>\n<p><strong>J\u00f3k:<\/strong> Vit\u00e1rius Gerg\u0151, Borza Bence, Gy\u0151ri Barnab\u00e1s<\/p>\n<p>&nbsp;<\/p>\n<p>&nbsp;<\/p>\n<p><strong>J\u00f3k:<\/strong> Perj\u00e9ssy Kriszti\u00e1n, Tolm\u00e1csi Ferenc, Vas Gergely<\/p>\n<p><strong>BLSZ IFJ\u00daS\u00c1GI U-17 6. fordul\u00f3<\/strong><\/p>\n<p><strong>Csepel FC \u2013\u00a0RAFC\u00a0\u00a00:5 (0:1)<\/strong><\/p>\n<p><strong>Csepel FC:<\/strong> Perj\u00e9ssy Kriszti\u00e1n \u2013 Kov\u00e1cs Dominik (Meiszterics Lajos), Hegyes M\u00e1rton, M\u00e1t\u00e9 Gerg\u0151 (Cz\u00e9km\u00e1ny \u00c1d\u00e1m), Mondok Rich\u00e1rd, Bar\u00e1th Bence, D\u00f6br\u00f6cz\u00f6ni Csaba, Ujfalusi Zsolt(Gladkov Zolt\u00e1n), Farkas Ren\u00e1t\u00f3 (Horv\u00e1th \u00c1kos), Vas Gergely (Kaposv\u00e1ri M\u00e1t\u00e9), K\u0151hegyi Zsombor<\/p>\n<p><strong>RAFC:<\/strong> Forr\u00f3 Zs. \u2013\u00a0Nagy B. (Szegedi T.), Szab\u00f3 M., Rim\u00f3czi G., T\u00f3th B., Eszt\u00e1ri Zs. (T\u00fcs\u00e9r B.), Sz\u0171cs M. (Nagy K.), Lugosi G., Luk\u00e1cs D., Heged\u0171s G.(K\u00f6vesdi Cs.), Nehme Ziad V.<\/p>\n<p><strong>Pop Rich\u00e1rd:<\/strong> &#8211; Nagyon j\u00f3kor j\u00f6tt ez a pofon, j\u00e1t\u00e9kosaink k\u00f6z\u00fcl t\u00f6bben is kezdt\u00e9k elhinni, hogy j\u00f3 futballist\u00e1k \u00e9s, hogy k\u00f6nnyen j\u00f6het a siker. Kev\u00e9s fut\u00e1ssal, kev\u00e9s al\u00e1zattal j\u00e1tszott a csapat, kritik\u00e1n aluli egy\u00e9ni teljes\u00edtm\u00e9nyeket is fel lehetett fedezni&#8230; A magam felel\u0151ss\u00e9ge is megvan a nagy ar\u00e1ny\u00fa veres\u00e9gben, de olyan alapvet\u0151 taktikai hib\u00e1kat k\u00f6vettek el a sr\u00e1cok, amelyeken m\u00e1r ezerszer is \u00e1tr\u00e1gtuk magunkat. Pozit\u00edvum viszont, hogy azok a j\u00e1t\u00e9kosok, akik az orsz\u00e1gos bajnoks\u00e1gban kevesebb lehet\u0151s\u00e9ghez jutottak, azoknak lehet\u0151s\u00e9get tudtam biztos\u00edtani.<\/p>\n<p>&nbsp;<\/p>\n<p><strong><span style=\"font-family: Thread-000025f4-Id-00000051;\">MLSZ SERD\u00dcL\u0150 U-14 II. OSZT. K\u00f6z\u00e9p- B. 3. fordul\u00f3<\/span><\/strong><\/p>\n<p><strong><span style=\"font-family: Thread-000025f4-Id-00000051;\">ESMTK\u00a0\u2013 Csepel FC SE\u00a01:4 (1:2<\/span><\/strong><\/p>\n<p><strong>ESMTK:<\/strong> B\u00e1n\u00f3czy A. \u2013 Heszberger A., Spitzer D., Vir\u00e1g M., S\u00fcle N., Spitzer Domokos, Piesko T. (T\u00fcske M.), Hank\u00f3 Z. (Binger V.), Ign\u00e1cz A.(Tirtl K.), Rig\u00f3 F., Sz\u0171cs L.<\/p>\n<p><strong><span style=\"font-family: Thread-000025f4-Id-00000051;\">Csepel FC:<\/span><\/strong> Gregus Gerg\u0151 \u2013\u00a0Zs\u00edros B\u00e1lint, Tak\u00e1cs Gergely, S\u00fck\u00f6sd Kriszti\u00e1n (Palot\u00e1si Kriszti\u00e1n), Urbin Martin, Urbin M\u00e1rk, P\u00e1sztor P\u00e9ter, Orosz B\u00e1lint, Kardos \u00c1d\u00e1m, Kiss Marcell, Tornyos Benedek (Engelbrecht G\u00e1bor)<\/p>\n<p><strong><span style=\"font-family: Thread-000025f4-Id-00000051;\">Edz\u0151:<\/span><\/strong> Elekes Zsolt<\/p>\n<p><strong><span style=\"font-family: Thread-000025f4-Id-00000051;\">G.:<\/span><\/strong> Sz\u0171cs L., ill. Tornyos Benedek, P\u00e1sztor P\u00e9ter, Urbin M\u00e1rk, Tak\u00e1cs Gergely<\/p>\n<p><strong><span style=\"font-family: Thread-000025f4-Id-00000051;\">Elekes Zsolt:<\/span><\/strong> \u2013 M\u00e1r a 7. percben g\u00f3lt kaptunk, ami sohasem jelent j\u00f3t! Hamar siker\u00fclt azonban ford\u00edtanunk, \u00e1m az els\u0151 f\u00e9lid\u0151 tekintve kapkodva j\u00e1tszottunk, t\u00f6bb kidolgozott helyzetet hagytunk kihaszn\u00e1latlanul. A sz\u00fcnetet k\u00f6vet\u0151en (eddigi j\u00f3 szok\u00e1sunknak megfelel\u0151en) m\u00e1r es\u00e9lyt sem nagyon hagytunk ellenfel\u00fcnknek \u00e9s v\u00e9g\u00fcl magabiztos gy\u0151zelmet arattunk.<\/p>\n<p><strong>J\u00f3k:<\/strong> Kiss Marcell, Urbin M\u00e1rk, Tak\u00e1cs Gergely, Orosz B\u00e1lint<\/p>\n<p>&nbsp;<\/p>\n<p><strong><span style=\"font-family: Thread-000025f4-Id-00000051;\">MLSZ SERD\u00dcL\u0150 U-15 II. OSZT. K\u00f6z\u00e9p- B. 2. fordul\u00f3<\/span><\/strong><\/p>\n<p><strong><span style=\"font-family: Thread-000025f4-Id-00000051;\">ESMTK \u2013 Csepel FC 8:0 (2:0)<\/span><\/strong><\/p>\n<p><strong>ESMTK:<\/strong> Hestencz R. \u2013 Bugovics \u00c1. (M\u00e1rkus B.), \u0150z Z., D\u00e1vid B., Z\u0151di M. (G\u00e9mesi T.), Valentyik D.(Varga T.), Pozsonyi K., Nagy P., Gaudi-Nagy N., B\u00f6jthe B.(T\u00f3th K.), B\u00e1nyai R.<\/p>\n<p><strong><span style=\"font-family: Thread-000025f4-Id-00000051;\">Csepel FC:<\/span><\/strong>\u00a0\u00c1rend\u00e1s Csaba \u2013\u00a0Szikszai Attila, D\u00e1niel Gerg\u0151, Kmetz J\u00f3zsef,\u00a0D\u00f6me Erik, Varga Zolt\u00e1n, Kir\u00e1ly Bence, Raduly Andr\u00e1s, Bacskay Roland, Kerner Tam\u00e1s, N\u00e1di Roland<\/p>\n<p><strong><span style=\"font-family: Thread-000025f4-Id-00000051;\">Edz\u0151: <\/span><\/strong>ElekesZsolt<\/p>\n<p><strong><span style=\"font-family: Thread-000025f4-Id-00000051;\">G.:<\/span><\/strong> Gaudi-Nagy(2), Nagy P.(3), Pozsonyi K., B\u00e1nyai R., \u0150z Z.<\/p>\n<p><strong><span style=\"font-family: Thread-000025f4-Id-00000051;\">Elekes Zsolt: &#8211; <\/span><\/strong><span style=\"font-family: Thread-000025f4-Id-00000051;\">K<\/span><span style=\"font-family: Thread-000025f4-Id-00000051;\">icsit olyan \u00e9rz\u00e9sem van mint tavaly, a 2004 -es koroszt\u00e1ly indul\u00e1s\u00e1n\u00e1l, sok buktat\u00f3, sok kapott g\u00f3l \u00e9s az ezzel j\u00e1r\u00f3 veres\u00e9gek. Ez egy folyamat r\u00e9sze \u00e9s sajnos jelenleg \u00edgy alakul a helyzet, \u00e1m biztos vagyok benne, hogy tavaszra so\u0137kal jobb lesz!\u00a0A legf\u0151bb\u00a0c\u00e9lunk az, hogy j\u00f6v\u0151 ny\u00e1rra a 2003- as koroszt\u00e1ly megfelel\u0151 \u00e1llapotba ker\u00fclj\u00f6n! A k\u00f6vetkez\u0151 bajnokin, m\u00e1r\u00a0tizenh\u00e1rom\u00a02003 -as korcsoport\u00fa gyerek l\u00e9phet p\u00e1ly\u00e1ra, ami az\u00e9rt hozhat n\u00e9mi pozit\u00edv v\u00e1ltoz\u00e1st, \u00e9s az elm\u00falt \u00e9vekhez k\u00e9pest nagy el\u0151rel\u00e9p\u00e9s. L\u00e1tom a kitart\u00e1st a j\u00e1t\u00e9kosokon, ami engem is meger\u0151s\u00edt!<\/span><\/p>\n<p><span style=\"font-family: Thread-000025f4-Id-00000051;\"><strong>J\u00f3k:<\/strong> Raduly Andr\u00e1s, Varga Zolt\u00e1n, Kerner Tam\u00e1s, Szikszai Attila <\/span><\/p>\n","protected":false},"excerpt":{"rendered":"<div class=\"mh-excerpt\"><p>Ut\u00e1np\u00f3tl\u00e1sunk szinte fut\u00f3szalagon j\u00e1tssza bajnoki m\u00e9rk\u0151z\u00e9seit, nem csak h\u00e9tv\u00e9g\u00e9n, hanem a h\u00e9t k\u00f6zben is p\u00e1ly\u00e1n voltak, vannak fiataljaink. A teljes\u00edtm\u00e9nyt tekintve ink\u00e1bb t\u00f6bb, mint kevesebb sikerrel.<\/p>\n<\/div>","protected":false},"author":4,"featured_media":1561,"comment_status":"closed","ping_status":"open","sticky":false,"template":"","format":"standard","meta":{"jetpack_publicize_message":"","jetpack_is_tweetstorm":false,"jetpack_publicize_feature_enabled":true},"categories":[1,3],"tags":[],"jetpack_publicize_connections":[],"jetpack_featured_media_url":"http:\/\/csepelfc.hu\/wp-content\/uploads\/2017\/09\/LabdaCsepel.jpg","jetpack_sharing_enabled":true,"jetpack_shortlink":"https:\/\/wp.me\/s83FEU-up","_links":{"self":[{"href":"http:\/\/csepelfc.hu\/index.php\/wp-json\/wp\/v2\/posts\/1537"}],"collection":[{"href":"http:\/\/csepelfc.hu\/index.php\/wp-json\/wp\/v2\/posts"}],"about":[{"href":"http:\/\/csepelfc.hu\/index.php\/wp-json\/wp\/v2\/types\/post"}],"author":[{"embeddable":true,"href":"http:\/\/csepelfc.hu\/index.php\/wp-json\/wp\/v2\/users\/4"}],"replies":[{"embeddable":true,"href":"http:\/\/csepelfc.hu\/index.php\/wp-json\/wp\/v2\/comments?post=1537"}],"version-history":[{"count":19,"href":"http:\/\/csepelfc.hu\/index.php\/wp-json\/wp\/v2\/posts\/1537\/revisions"}],"predecessor-version":[{"id":1562,"href":"http:\/\/csepelfc.hu\/index.php\/wp-json\/wp\/v2\/posts\/1537\/revisions\/1562"}],"wp:featuredmedia":[{"embeddable":true,"href":"http:\/\/csepelfc.hu\/index.php\/wp-json\/wp\/v2\/media\/1561"}],"wp:attachment":[{"href":"http:\/\/csepelfc.hu\/index.php\/wp-json\/wp\/v2\/media?parent=1537"}],"wp:term":[{"taxonomy":"category","embeddable":true,"href":"http:\/\/csepelfc.hu\/index.php\/wp-json\/wp\/v2\/categories?post=1537"},{"taxonomy":"post_tag","embeddable":true,"href":"http:\/\/csepelfc.hu\/index.php\/wp-json\/wp\/v2\/tags?post=1537"}],"curies":[{"name":"wp","href":"https:\/\/api.w.org\/{rel}","templated":true}]}}