{"id":1532,"date":"2017-09-11T14:52:23","date_gmt":"2017-09-11T13:52:23","guid":{"rendered":"http:\/\/csepelfc.hu\/?p=1532"},"modified":"2017-09-11T14:53:33","modified_gmt":"2017-09-11T13:53:33","slug":"magyar-kupa-szentlorincen-kezdunk","status":"publish","type":"post","link":"http:\/\/csepelfc.hu\/index.php\/2017\/09\/11\/magyar-kupa-szentlorincen-kezdunk\/","title":{"rendered":"Magyar Kupa: Szentl\u0151rincen kezd\u00fcnk"},"content":{"rendered":"<p>A Magyar Labdar\u00fag\u00f3 Sz\u00f6vets\u00e9gben elk\u00e9sz\u00edtett\u00e9k a labdar\u00fag\u00f3 Magyar Kupa f\u0151t\u00e1bl\u00e1j\u00e1nak sorsol\u00e1s\u00e1t. Egy\u00fcttes\u00fcnk az ugyancsak harmadoszt\u00e1ly\u00fa \u00e9s \u00e9ppen 1912-ben alap\u00edtott Szentl\u0151rinc SE otthon\u00e1ban kezdi meg szerepl\u00e9s\u00e9t.<!--more-->Az NB III K\u00f6z\u00e9p csoportj\u00e1nak 9. hely\u00e9n \u00e1ll\u00f3 Baranya megyei csapat eddig k\u00e9t sikert k\u00f6nyvelhetett el a bajnoks\u00e1gban, a Mak\u00f3 otthon\u00e1ban nyertek 2:1-re, m\u00edg odahaza vert\u00e9k 2:0-ra a M\u00f3rahalom g\u00e1rd\u00e1j\u00e1t. A\u00a0R\u00e1kosmente 2:0-ra, a Duna\u00fajv\u00e1ros 2:1-re, a Dabas pedig\u00a03:1-re m\u00falta fel\u00fcl \u0151ket a bajnoks\u00e1gban.<\/p>\n<p>A Magyar Labdar\u00fag\u00f3-sz\u00f6vets\u00e9g (MLSZ) \u00f6sszesen 300 milli\u00f3 forintot oszt sz\u00e9t a klubok k\u00f6z\u00f6tt a Magyar Kupa 2017\u20132018-as id\u00e9ny\u00e9ben \u2013 \u00edrta meg kor\u00e1bban a boon.hu. A region\u00e1lis h\u00edrport\u00e1l inform\u00e1ci\u00f3i szerint a legjobb 128 k\u00f6z\u00e9 jut\u00e1ssal egymilli\u00f3 forintot kerestek a csapatok, m\u00edg a hatodik fordul\u00f3b\u00f3l (a f\u0151t\u00e1bla els\u0151 k\u00f6r\u00e9b\u0151l) tov\u00e1bbl\u00e9p\u0151 egy\u00fcttesek tov\u00e1bbi 300 ezer, illetve 500 ezer forintot kapnak \u2013 att\u00f3l f\u00fcgg\u0151en, hogy d\u00f6ntetlen ut\u00e1n vagy gy\u0151zelemmel harcolj\u00e1k ki a tov\u00e1bbjut\u00e1st.<\/p>\n<p>&nbsp;<\/p>\n","protected":false},"excerpt":{"rendered":"<div class=\"mh-excerpt\"><p>A Magyar Labdar\u00fag\u00f3 Sz\u00f6vets\u00e9gben elk\u00e9sz\u00edtett\u00e9k a labdar\u00fag\u00f3 Magyar Kupa f\u0151t\u00e1bl\u00e1j\u00e1nak sorsol\u00e1s\u00e1t. Egy\u00fcttes\u00fcnk az ugyancsak harmadoszt\u00e1ly\u00fa \u00e9s \u00e9ppen 1912-ben alap\u00edtott Szentl\u0151rinc SE otthon\u00e1ban kezdi meg szerepl\u00e9s\u00e9t.<\/p>\n<\/div>","protected":false},"author":4,"featured_media":1534,"comment_status":"closed","ping_status":"open","sticky":false,"template":"","format":"standard","meta":{"jetpack_publicize_message":"","jetpack_is_tweetstorm":false,"jetpack_publicize_feature_enabled":true},"categories":[1,7],"tags":[],"jetpack_publicize_connections":[],"jetpack_featured_media_url":"http:\/\/csepelfc.hu\/wp-content\/uploads\/2017\/09\/Szentl\u0151rinc-Csepel.jpg","jetpack_sharing_enabled":true,"jetpack_shortlink":"https:\/\/wp.me\/p83FEU-oI","_links":{"self":[{"href":"http:\/\/csepelfc.hu\/index.php\/wp-json\/wp\/v2\/posts\/1532"}],"collection":[{"href":"http:\/\/csepelfc.hu\/index.php\/wp-json\/wp\/v2\/posts"}],"about":[{"href":"http:\/\/csepelfc.hu\/index.php\/wp-json\/wp\/v2\/types\/post"}],"author":[{"embeddable":true,"href":"http:\/\/csepelfc.hu\/index.php\/wp-json\/wp\/v2\/users\/4"}],"replies":[{"embeddable":true,"href":"http:\/\/csepelfc.hu\/index.php\/wp-json\/wp\/v2\/comments?post=1532"}],"version-history":[{"count":3,"href":"http:\/\/csepelfc.hu\/index.php\/wp-json\/wp\/v2\/posts\/1532\/revisions"}],"predecessor-version":[{"id":1536,"href":"http:\/\/csepelfc.hu\/index.php\/wp-json\/wp\/v2\/posts\/1532\/revisions\/1536"}],"wp:featuredmedia":[{"embeddable":true,"href":"http:\/\/csepelfc.hu\/index.php\/wp-json\/wp\/v2\/media\/1534"}],"wp:attachment":[{"href":"http:\/\/csepelfc.hu\/index.php\/wp-json\/wp\/v2\/media?parent=1532"}],"wp:term":[{"taxonomy":"category","embeddable":true,"href":"http:\/\/csepelfc.hu\/index.php\/wp-json\/wp\/v2\/categories?post=1532"},{"taxonomy":"post_tag","embeddable":true,"href":"http:\/\/csepelfc.hu\/index.php\/wp-json\/wp\/v2\/tags?post=1532"}],"curies":[{"name":"wp","href":"https:\/\/api.w.org\/{rel}","templated":true}]}}