{"id":1525,"date":"2017-09-11T13:27:27","date_gmt":"2017-09-11T12:27:27","guid":{"rendered":"http:\/\/csepelfc.hu\/?p=1525"},"modified":"2017-09-11T13:27:27","modified_gmt":"2017-09-11T12:27:27","slug":"pontokat-rabolt-a-papa-a-beke-terrol","status":"publish","type":"post","link":"http:\/\/csepelfc.hu\/index.php\/2017\/09\/11\/pontokat-rabolt-a-papa-a-beke-terrol\/","title":{"rendered":"Pontokat rabolt a P\u00e1pa a B\u00e9ke t\u00e9rr\u0151l"},"content":{"rendered":"<p>Sajnos nem siker\u00fclt kik\u00f6sz\u00f6r\u00fcln\u00fcnk a csornai csorb\u00e1t, ez\u00fattal hazai k\u00f6rnyezetben maradt alul a tal\u00e1lkoz\u00f3 java r\u00e9sz\u00e9ben emberel\u0151nyben futballoz\u00f3 feln\u0151tt csapatunk a P\u00e1pai Perutz FC -vel szemben.<!--more--><\/p>\n<p>Sajnos\u00a0m\u00e1r az els\u0151 negyed \u00f3ra v\u00e9g\u00e9n h\u00e1tr\u00e1nyba ker\u00fclt\u00fcnk:\u00a0egy oldalr\u00f3l \u00e9rkez\u0151 labd\u00e1t N\u00e9meth 11 m\u00e9terr\u0151l l\u0151tt\u00a0L\u0151rincz P\u00e9ter kapuj\u00e1ba 0-1. A 36. percben emberel\u0151nybe ker\u00fclt\u00fcnk, ugyanis, a j\u00e1t\u00e9kvezet\u0151 a kil\u00e9p\u0151\u00a0Somodit utols\u00f3 emberk\u00e9nt szab\u00e1lytalanul meg\u00e1ll\u00edt\u00f3 Iv\u00e1nyinak mutatta fel a piros lapot, \u00edgy t\u00f6bb mint 50 percet j\u00e1tszhattak labdar\u00fag\u00f3ink emberel\u0151nybe, de ez sem seg\u00edtett szombat d\u00e9lut\u00e1n&#8230; Nem sokkal a befejez\u00e9st megel\u0151z\u0151en pontr\u00fag\u00e1sb\u00f3l \u00e9s fel\u00edvel\u00e9sb\u0151l Fisli \u00e9s Somodi \u00c1d\u00e1m\u00a0is\u00a0elpusk\u00e1zott egy-egy g\u00f3lszerz\u00e9si lehet\u0151s\u00e9get, \u00edgy a hat s\u00e1rg\u00e1t \u00e9s egy piros lapot \u00f6sszeszed\u0151 P\u00e1pa t\u00edz emberrel harcolta ki els\u0151 siker\u00e9t.<\/p>\n<p><strong>Gabala Kriszti\u00e1n<\/strong> szakmai vezet\u0151: &#8211; Rendk\u00edv\u00fcl enerv\u00e1ltan \u00e9s tomp\u00e1n kezdt\u00fck\u00a0a m\u00e9rk\u0151z\u00e9st, ami az eg\u00e9sz tal\u00e1lkoz\u00f3ra r\u00e1nyomta a b\u00e9lyeg\u00e9t. Ennek ok\u00e1n a bekapott g\u00f3lt k\u00f6vet\u0151en nem is tudtunk m\u00e1r \u00faj\u00edtani, \u00edgy azt kell, hogy mondjam, hogy a P\u00e1pa meg\u00e9rdemelten vitte el t\u0151l\u00fcnk a h\u00e1rom pontot.<\/p>\n<p>&nbsp;<\/p>\n<p><strong>Csepel FC \u2013 P\u00e1pai Perutz FC 0:1 (0:1)<\/strong><\/p>\n<p><strong>Csepel FC:<\/strong> L\u0151rincz P\u00e9ter \u2013 Hesz Oliv\u00e9r, Szab\u00f3 \u00c1d\u00e1m, D\u00e9vai Csaba, Korozm\u00e1n Norbert, Haraszk\u00f3 S\u00e1ndor, Tepl\u00e1n J\u00e1nos (Fisli Andr\u00e1s 54&#8242;), Marczinka Tam\u00e1s (V\u00e1czi D\u00e1niel 46&#8242;), Simon Kriszti\u00e1n, T\u00f3th Csaba (Bencze M\u00e1rton 74&#8242;) Somodi \u00c1d\u00e1m<br \/>\n<strong>P\u00e1pai Perutz FC: S\u00e1nta &#8211; B\u00f6r\u00f6czky, Domj\u00e1n, Cs\u00e1sz\u00e1r, Kozma \u2013 Hanzl (&#8217;70 Nagy B.), Iv\u00e1nyi \u2013 Somogyi, N\u00e9meth (&#8217;65 Farkas), Baldauf (&#8217;75 Koncsag) \u2013 Szab\u00f3<\/strong><\/p>\n<p><strong>G.:<\/strong> N\u00e9meth L. (\u201914)<\/p>\n<p><strong>Ki\u00e1ll\u00edtva:<\/strong> Iv\u00e1nyi M. (\u201936)<\/p>\n<p>&nbsp;<\/p>\n","protected":false},"excerpt":{"rendered":"<div class=\"mh-excerpt\"><p>Sajnos nem siker\u00fclt kik\u00f6sz\u00f6r\u00fcln\u00fcnk a csornai csorb\u00e1t, ez\u00fattal hazai k\u00f6rnyezetben maradt alul a tal\u00e1lkoz\u00f3 java r\u00e9sz\u00e9ben emberel\u0151nyben futballoz\u00f3 feln\u0151tt csapatunk a P\u00e1pai Perutz FC -vel szemben.<\/p>\n<\/div>","protected":false},"author":4,"featured_media":1527,"comment_status":"closed","ping_status":"open","sticky":false,"template":"","format":"standard","meta":{"jetpack_publicize_message":"","jetpack_is_tweetstorm":false,"jetpack_publicize_feature_enabled":true},"categories":[1,7],"tags":[],"jetpack_publicize_connections":[],"jetpack_featured_media_url":"http:\/\/csepelfc.hu\/wp-content\/uploads\/2017\/09\/oldalvonaln\u00e1l.jpg","jetpack_sharing_enabled":true,"jetpack_shortlink":"https:\/\/wp.me\/p83FEU-oB","_links":{"self":[{"href":"http:\/\/csepelfc.hu\/index.php\/wp-json\/wp\/v2\/posts\/1525"}],"collection":[{"href":"http:\/\/csepelfc.hu\/index.php\/wp-json\/wp\/v2\/posts"}],"about":[{"href":"http:\/\/csepelfc.hu\/index.php\/wp-json\/wp\/v2\/types\/post"}],"author":[{"embeddable":true,"href":"http:\/\/csepelfc.hu\/index.php\/wp-json\/wp\/v2\/users\/4"}],"replies":[{"embeddable":true,"href":"http:\/\/csepelfc.hu\/index.php\/wp-json\/wp\/v2\/comments?post=1525"}],"version-history":[{"count":3,"href":"http:\/\/csepelfc.hu\/index.php\/wp-json\/wp\/v2\/posts\/1525\/revisions"}],"predecessor-version":[{"id":1531,"href":"http:\/\/csepelfc.hu\/index.php\/wp-json\/wp\/v2\/posts\/1525\/revisions\/1531"}],"wp:featuredmedia":[{"embeddable":true,"href":"http:\/\/csepelfc.hu\/index.php\/wp-json\/wp\/v2\/media\/1527"}],"wp:attachment":[{"href":"http:\/\/csepelfc.hu\/index.php\/wp-json\/wp\/v2\/media?parent=1525"}],"wp:term":[{"taxonomy":"category","embeddable":true,"href":"http:\/\/csepelfc.hu\/index.php\/wp-json\/wp\/v2\/categories?post=1525"},{"taxonomy":"post_tag","embeddable":true,"href":"http:\/\/csepelfc.hu\/index.php\/wp-json\/wp\/v2\/tags?post=1525"}],"curies":[{"name":"wp","href":"https:\/\/api.w.org\/{rel}","templated":true}]}}