{"id":1482,"date":"2017-09-03T09:42:41","date_gmt":"2017-09-03T08:42:41","guid":{"rendered":"http:\/\/csepelfc.hu\/?p=1482"},"modified":"2017-09-04T11:01:31","modified_gmt":"2017-09-04T10:01:31","slug":"nb-iii-egy-sipszonyi-hianyzott-a-pontszerzeshez","status":"publish","type":"post","link":"http:\/\/csepelfc.hu\/index.php\/2017\/09\/03\/nb-iii-egy-sipszonyi-hianyzott-a-pontszerzeshez\/","title":{"rendered":"NB III: egy s\u00edpsz\u00f3nyi hi\u00e1nyzott a pontszerz\u00e9shez"},"content":{"rendered":"<p>A Csepel FC feln\u0151tt labdar\u00fag\u00f3csapata az addig m\u00e9g pont n\u00e9lk\u00fcl \u00e1ll\u00f3 Csornai SE vend\u00e9ge volt szombaton.\u00a0 A hazaiak \u00e9rthet\u0151 m\u00f3don minden k\u00f6vet megmozgattak a gy\u0151zelem\u00e9rt amit v\u00e9g\u00fcl nagy neh\u00e9zs\u00e9gek \u00e1r\u00e1n meg is szereztek, b\u00e1r egy elmaradt b\u00fcntet\u0151 ok\u00e1n d\u00f6ntetlent szalasztottunk el.<!--more-->A tal\u00e1lkoz\u00f3 els\u0151 fel\u00e9ben\u00a0 jobb\u00e1ra Csorna akarata \u00e9rv\u00e9nyes\u00fclt, \u00e1m egy meglehet\u0151sen v\u00e9lem\u00e9nyes szitu\u00e1ci\u00f3t k\u00f6vet\u0151en, -amikor is Haraszk\u00f3t v\u00e1lasztott\u00e1k el szab\u00e1lytalanul a labd\u00e1t\u00f3l az ellenf\u00e9l 16-os\u00e1n bel\u00fcl- a j\u00e1t\u00e9kvezet\u0151 s\u00edpja n\u00e9ma maradt&#8230;\u00a0 \u00cdgy nem tudtunk el\u0151nyt szerezni, ami v\u00e9g\u00fcl meg is bosszulta mag\u00e1t. Az 51. percben a hazaiak egy fejesg\u00f3llal megszerezt\u00e9k a vezet\u00e9st, ami ut\u00e1n mindent elk\u00f6vett\u00fcnk az egyenl\u00edt\u00e9s kicsikar\u00e1s\u00e1\u00e9rt, \u00e1m a Csorna kiv\u00e9dekezte a h\u00e1tral\u00e9v\u0151 id\u0151t.<\/p>\n<p><strong>Gabala Kriszti\u00e1n<\/strong> szakmai vezet\u0151nk \u00edgy nyilatkozott a Csornai SE honlapj\u00e1nak: &#8211;<em>Az els\u0151 f\u00e9lid\u0151ben meglepett minket a Csorna, t\u00f6bb olyan taktikai h\u00faz\u00e1suk volt, amit nem tudtunk lereag\u00e1lni. \u00dagy \u00e9rzem, nem kaptunk meg egy jogos b\u00fcntet\u0151t, mellyel mi szerezhett\u00fck volna meg a vezet\u00e9st \u00e9s akkor m\u00e1s lett volna a j\u00e1t\u00e9k k\u00e9pe. Sajn\u00e1lom a csapatomat, egy pontot meg\u00e9rdemelt\u00fcnk volna.<\/em><\/p>\n<p><strong>Csornai SE \u2013 Csepel FC 1-0 (0-0)<\/strong><br \/>\nCsorna, 300 n\u00e9z\u0151<br \/>\n<strong>J\u00e1t\u00e9kvezet\u0151:<\/strong> Horv\u00e1th Patrik<\/p>\n<p><strong>Csornai SE:<\/strong> L\u0151re \u2013 Hajba, Litresics, Nagy Sz., F\u00fcredi, Csik\u00f3s, Ker\u00e9kgy\u00e1rt\u00f3, Czanik, Neh\u00e9z (Serf\u0151z\u0151 56.), Kis Sz. (Feh\u00e9r 90.), Weitner (Kelemen 75.)<br \/>\n<strong>Vezet\u0151edz\u0151:<\/strong> Bogn\u00e1r Zsolt<\/p>\n<p><strong>Csepel FC:<\/strong> L\u0151rincz \u2013 Hesz, Szab\u00f3 \u00c1., D\u00e9vai, N\u00e9meth Z. (Fisli 69.), Korozm\u00e1n, Haraszk\u00f3, Marczinka (Bencze 69.), Simon K., T\u00f3th Cs. (V\u00e1czi 78.), Somodi<br \/>\n<strong>Vezet\u0151edz\u0151:<\/strong> Gabala Kriszti\u00e1n<\/p>\n<p><strong>G.:<\/strong> Weitner (51.)<\/p>\n","protected":false},"excerpt":{"rendered":"<div class=\"mh-excerpt\"><p>A Csepel FC feln\u0151tt labdar\u00fag\u00f3csapata az addig m\u00e9g pont n\u00e9lk\u00fcl \u00e1ll\u00f3 Csornai SE vend\u00e9ge volt szombaton.\u00a0 A hazaiak \u00e9rthet\u0151 m\u00f3don minden k\u00f6vet megmozgattak a gy\u0151zelem\u00e9rt amit v\u00e9g\u00fcl nagy neh\u00e9zs\u00e9gek \u00e1r\u00e1n <a class=\"mh-excerpt-more\" href=\"http:\/\/csepelfc.hu\/index.php\/2017\/09\/03\/nb-iii-egy-sipszonyi-hianyzott-a-pontszerzeshez\/\" title=\"NB III: egy s\u00edpsz\u00f3nyi hi\u00e1nyzott a pontszerz\u00e9shez\">[tov\u00e1bb&#8230;]<\/a><\/p>\n<\/div>","protected":false},"author":4,"featured_media":1491,"comment_status":"closed","ping_status":"open","sticky":false,"template":"","format":"standard","meta":{"jetpack_publicize_message":"","jetpack_is_tweetstorm":false,"jetpack_publicize_feature_enabled":true},"categories":[1,7],"tags":[],"jetpack_publicize_connections":[],"jetpack_featured_media_url":"http:\/\/csepelfc.hu\/wp-content\/uploads\/2017\/09\/Csorna-Csepel1.jpg","jetpack_sharing_enabled":true,"jetpack_shortlink":"https:\/\/wp.me\/p83FEU-nU","_links":{"self":[{"href":"http:\/\/csepelfc.hu\/index.php\/wp-json\/wp\/v2\/posts\/1482"}],"collection":[{"href":"http:\/\/csepelfc.hu\/index.php\/wp-json\/wp\/v2\/posts"}],"about":[{"href":"http:\/\/csepelfc.hu\/index.php\/wp-json\/wp\/v2\/types\/post"}],"author":[{"embeddable":true,"href":"http:\/\/csepelfc.hu\/index.php\/wp-json\/wp\/v2\/users\/4"}],"replies":[{"embeddable":true,"href":"http:\/\/csepelfc.hu\/index.php\/wp-json\/wp\/v2\/comments?post=1482"}],"version-history":[{"count":2,"href":"http:\/\/csepelfc.hu\/index.php\/wp-json\/wp\/v2\/posts\/1482\/revisions"}],"predecessor-version":[{"id":1485,"href":"http:\/\/csepelfc.hu\/index.php\/wp-json\/wp\/v2\/posts\/1482\/revisions\/1485"}],"wp:featuredmedia":[{"embeddable":true,"href":"http:\/\/csepelfc.hu\/index.php\/wp-json\/wp\/v2\/media\/1491"}],"wp:attachment":[{"href":"http:\/\/csepelfc.hu\/index.php\/wp-json\/wp\/v2\/media?parent=1482"}],"wp:term":[{"taxonomy":"category","embeddable":true,"href":"http:\/\/csepelfc.hu\/index.php\/wp-json\/wp\/v2\/categories?post=1482"},{"taxonomy":"post_tag","embeddable":true,"href":"http:\/\/csepelfc.hu\/index.php\/wp-json\/wp\/v2\/tags?post=1482"}],"curies":[{"name":"wp","href":"https:\/\/api.w.org\/{rel}","templated":true}]}}