{"id":1322,"date":"2017-08-05T16:36:44","date_gmt":"2017-08-05T15:36:44","guid":{"rendered":"http:\/\/csepelfc.hu\/?p=1322"},"modified":"2017-08-06T17:00:40","modified_gmt":"2017-08-06T16:00:40","slug":"szurkoloi-anket-csutortokon","status":"publish","type":"post","link":"http:\/\/csepelfc.hu\/index.php\/2017\/08\/05\/szurkoloi-anket-csutortokon\/","title":{"rendered":"Szurkol\u00f3i ank\u00e9t cs\u00fct\u00f6rt\u00f6k\u00f6n!"},"content":{"rendered":"<p>Az NB III rajtj\u00e1ra k\u00e9sz\u00fcl\u0151 feln\u0151tt csapatunk a felk\u00e9sz\u00fcl\u00e9s finis\u00e9hez \u00e9rt, a vezet\u0151s\u00e9g az els\u0151 bajnoki fordul\u00f3 el\u0151tt szurkol\u00f3i ank\u00e9ton mutatja be a k\u00f6vetkez\u0151 id\u00e9nyben csepeli sz\u00ednekben j\u00e1tsz\u00f3 labdar\u00fag\u00f3kat. <!--more-->Augusztus 10-\u00e9n cs\u00fct\u00f6rt\u00f6k\u00f6n, 19:30-kor a B\u00e9ke t\u00e9ri stadion labdar\u00fag\u00f3 \u00e9p\u00fclet\u00e9ben ker\u00fcl sor a k\u00f6tetlen besz\u00e9lget\u00e9ssel egybek\u00f6t\u00f6tt programra, ahov\u00e1 minden Csepel FC szimpatiz\u00e1nst szeretettel v\u00e1runk. Friss h\u00edr, hogy egy\u00fcttes\u00fcnk utols\u00f3 felk\u00e9sz\u00fcl\u00e9si tal\u00e1lkoz\u00f3j\u00e1t szombat d\u00e9lel\u0151tt a Vasas Kubala Akad\u00e9mia U19-es egy\u00fcttese ellen j\u00e1tszotta.<\/p>\n","protected":false},"excerpt":{"rendered":"<div class=\"mh-excerpt\"><p>Az NB III rajtj\u00e1ra k\u00e9sz\u00fcl\u0151 feln\u0151tt csapatunk a felk\u00e9sz\u00fcl\u00e9s finis\u00e9hez \u00e9rt, a vezet\u0151s\u00e9g az els\u0151 bajnoki fordul\u00f3 el\u0151tt szurkol\u00f3i ank\u00e9ton mutatja be a k\u00f6vetkez\u0151 id\u00e9nyben csepeli sz\u00ednekben j\u00e1tsz\u00f3 labdar\u00fag\u00f3kat.<\/p>\n<\/div>","protected":false},"author":4,"featured_media":1324,"comment_status":"closed","ping_status":"open","sticky":false,"template":"","format":"standard","meta":{"jetpack_publicize_message":"","jetpack_is_tweetstorm":false,"jetpack_publicize_feature_enabled":true},"categories":[1,7],"tags":[],"jetpack_publicize_connections":[],"jetpack_featured_media_url":"http:\/\/csepelfc.hu\/wp-content\/uploads\/2017\/08\/Sajtos.jpg","jetpack_sharing_enabled":true,"jetpack_shortlink":"https:\/\/wp.me\/p83FEU-lk","_links":{"self":[{"href":"http:\/\/csepelfc.hu\/index.php\/wp-json\/wp\/v2\/posts\/1322"}],"collection":[{"href":"http:\/\/csepelfc.hu\/index.php\/wp-json\/wp\/v2\/posts"}],"about":[{"href":"http:\/\/csepelfc.hu\/index.php\/wp-json\/wp\/v2\/types\/post"}],"author":[{"embeddable":true,"href":"http:\/\/csepelfc.hu\/index.php\/wp-json\/wp\/v2\/users\/4"}],"replies":[{"embeddable":true,"href":"http:\/\/csepelfc.hu\/index.php\/wp-json\/wp\/v2\/comments?post=1322"}],"version-history":[{"count":3,"href":"http:\/\/csepelfc.hu\/index.php\/wp-json\/wp\/v2\/posts\/1322\/revisions"}],"predecessor-version":[{"id":1327,"href":"http:\/\/csepelfc.hu\/index.php\/wp-json\/wp\/v2\/posts\/1322\/revisions\/1327"}],"wp:featuredmedia":[{"embeddable":true,"href":"http:\/\/csepelfc.hu\/index.php\/wp-json\/wp\/v2\/media\/1324"}],"wp:attachment":[{"href":"http:\/\/csepelfc.hu\/index.php\/wp-json\/wp\/v2\/media?parent=1322"}],"wp:term":[{"taxonomy":"category","embeddable":true,"href":"http:\/\/csepelfc.hu\/index.php\/wp-json\/wp\/v2\/categories?post=1322"},{"taxonomy":"post_tag","embeddable":true,"href":"http:\/\/csepelfc.hu\/index.php\/wp-json\/wp\/v2\/tags?post=1322"}],"curies":[{"name":"wp","href":"https:\/\/api.w.org\/{rel}","templated":true}]}}