{"id":1298,"date":"2017-07-30T21:28:44","date_gmt":"2017-07-30T20:28:44","guid":{"rendered":"http:\/\/csepelfc.hu\/?p=1298"},"modified":"2017-07-30T21:41:00","modified_gmt":"2017-07-30T20:41:00","slug":"up-helyszini-jelentes-a-zamardi-edzotaborbol","status":"publish","type":"post","link":"http:\/\/csepelfc.hu\/index.php\/2017\/07\/30\/up-helyszini-jelentes-a-zamardi-edzotaborbol\/","title":{"rendered":"UP: helysz\u00edni jelent\u00e9s a Zam\u00e1rdi edz\u0151t\u00e1borb\u00f3l"},"content":{"rendered":"<p>A Csepel FC ut\u00e1np\u00f3tl\u00e1sa id\u00e9n ny\u00e1ron Zam\u00e1rdiban, a Balaton partj\u00e1n edz\u0151t\u00e1borozik. Az U17 \u00e9s az U19 ut\u00e1n\u00a0 a fiatalabb koroszt\u00e1lyok \u00e9s a l\u00e1nyok is nekiveselkedtek a munk\u00e1nak.<!--more-->A minden ig\u00e9nyt kiel\u00e9g\u00edt\u0151 k\u00f6r\u00fclm\u00e9nyek k\u00f6z\u00e9 vas\u00e1rnap \u00fajabb csepeli k\u00fcld\u00f6tts\u00e9g \u00e9rkezett Zam\u00e1rdiba, akiknek az Elekes Zsolt, Kincses \u00c1d\u00e1m,Szab\u00f3 Zolt\u00e1n edz\u0151 tri\u00f3 m\u00e1ris kem\u00e9ny, m\u00e1sf\u00e9l \u00f3r\u00e1s edz\u00e9st vez\u00e9nyelt d\u00e9lut\u00e1n. A tr\u00e9ninget k\u00f6vet\u0151en vacsora, majd j\u00f3l meg\u00e9rdemelt pihen\u00e9s v\u00e1rt a j\u00e1t\u00e9kosokra. A terveknek megfelel\u0151en h\u00e9tf\u0151t\u0151l napi 3 edz\u00e9s v\u00e1r fiatal sportol\u00f3inkra: az els\u0151, reggel 6:30-kor Balaton-parti fut\u00e1ssal indul, majd reggeli, azt\u00e1n 10-kor \u00fajabb tr\u00e9ning k\u00f6vetkezik, amit f\u00fcrd\u00e9ssel \u00f6sszekapcsolt szabadid\u0151s program k\u00f6vet, azt\u00e1n 17 \u00f3rakor \u00fajabb edz\u00e9s szerepel a programban, minden egyes nap. Megk\u00f6nny\u00edtend\u0151 a kor technol\u00f3gi\u00e1j\u00e1val j\u00e1r\u00f3 esetleges probl\u00e9m\u00e1kat a szakmai st\u00e1b eg\u00e9sz napra elk\u00e9ri a mobiltelefonokat a gyerekekt\u0151l, amit este, egy \u00f3ra id\u0151tartamra az\u00e9rt visszakapnak a csal\u00e1djukt\u00f3l t\u00e1vol l\u00e9v\u0151 sportol\u00f3k, hogy \u00fcgyes-bajos dolgaikat meg tudj\u00e1k besz\u00e9lni a hozz\u00e1tartoz\u00f3ikkal.<\/p>\n<p>A l\u00e1nyok \u00e9s fi\u00fak el\u0151tt teh\u00e1t meglehet\u0151sen s\u0171r\u0171, de ann\u00e1l tartalmasabb napok \u00e1llnak, ami a felk\u00e9sz\u00fcl\u00e9sen k\u00edv\u00fcl -m\u00e1r csak a helysz\u00edn miatt is- tartogat majd eml\u00e9kezetes pillanatokat.<\/p>\n","protected":false},"excerpt":{"rendered":"<div class=\"mh-excerpt\"><p>A Csepel FC ut\u00e1np\u00f3tl\u00e1sa id\u00e9n ny\u00e1ron Zam\u00e1rdiban, a Balaton partj\u00e1n edz\u0151t\u00e1borozik. Az U17 \u00e9s az U19 ut\u00e1n\u00a0 a fiatalabb koroszt\u00e1lyok \u00e9s a l\u00e1nyok is nekiveselkedtek a munk\u00e1nak.<\/p>\n<\/div>","protected":false},"author":4,"featured_media":1300,"comment_status":"closed","ping_status":"open","sticky":false,"template":"","format":"standard","meta":{"jetpack_publicize_message":"","jetpack_is_tweetstorm":false,"jetpack_publicize_feature_enabled":true},"categories":[1,3],"tags":[],"jetpack_publicize_connections":[],"jetpack_featured_media_url":"http:\/\/csepelfc.hu\/wp-content\/uploads\/2017\/07\/Zsoltibacsiesagyerekekk..jpg","jetpack_sharing_enabled":true,"jetpack_shortlink":"https:\/\/wp.me\/p83FEU-kW","_links":{"self":[{"href":"http:\/\/csepelfc.hu\/index.php\/wp-json\/wp\/v2\/posts\/1298"}],"collection":[{"href":"http:\/\/csepelfc.hu\/index.php\/wp-json\/wp\/v2\/posts"}],"about":[{"href":"http:\/\/csepelfc.hu\/index.php\/wp-json\/wp\/v2\/types\/post"}],"author":[{"embeddable":true,"href":"http:\/\/csepelfc.hu\/index.php\/wp-json\/wp\/v2\/users\/4"}],"replies":[{"embeddable":true,"href":"http:\/\/csepelfc.hu\/index.php\/wp-json\/wp\/v2\/comments?post=1298"}],"version-history":[{"count":5,"href":"http:\/\/csepelfc.hu\/index.php\/wp-json\/wp\/v2\/posts\/1298\/revisions"}],"predecessor-version":[{"id":1304,"href":"http:\/\/csepelfc.hu\/index.php\/wp-json\/wp\/v2\/posts\/1298\/revisions\/1304"}],"wp:featuredmedia":[{"embeddable":true,"href":"http:\/\/csepelfc.hu\/index.php\/wp-json\/wp\/v2\/media\/1300"}],"wp:attachment":[{"href":"http:\/\/csepelfc.hu\/index.php\/wp-json\/wp\/v2\/media?parent=1298"}],"wp:term":[{"taxonomy":"category","embeddable":true,"href":"http:\/\/csepelfc.hu\/index.php\/wp-json\/wp\/v2\/categories?post=1298"},{"taxonomy":"post_tag","embeddable":true,"href":"http:\/\/csepelfc.hu\/index.php\/wp-json\/wp\/v2\/tags?post=1298"}],"curies":[{"name":"wp","href":"https:\/\/api.w.org\/{rel}","templated":true}]}}