{"id":1236,"date":"2017-07-23T13:40:12","date_gmt":"2017-07-23T12:40:12","guid":{"rendered":"http:\/\/csepelfc.hu\/?p=1236"},"modified":"2017-07-23T13:40:12","modified_gmt":"2017-07-23T12:40:12","slug":"u14-buszke-vagyok-a-sracokra-evertekeles","status":"publish","type":"post","link":"http:\/\/csepelfc.hu\/index.php\/2017\/07\/23\/u14-buszke-vagyok-a-sracokra-evertekeles\/","title":{"rendered":"U14: \u201eb\u00fcszke vagyok a sr\u00e1cokra!\u201d \u2013 \u00c9v\u00e9rt\u00e9kel\u00e9s"},"content":{"rendered":"<p>Klubunk U14-es egy\u00fcttese a kezdeti neh\u00e9zs\u00e9gek ut\u00e1n id\u00e9n tavasszal r\u00e1tal\u00e1lt a sikerek fel\u00e9 vezet\u0151 \u00fatra \u00e9s igazolta, hogy az \u0151sszel \u00e9s a t\u00e9li alapoz\u00e1skor befektetett kem\u00e9ny munk\u00e1nak igenis meg kell, hogy legyen a gy\u00fcm\u00f6lcse. Elekes Zsolt, a csapat edz\u0151je \u00e9rt\u00e9kelte a 2016\/2017-es szezonban az egy \u00e9vvel id\u0151sebb koroszt\u00e1ly k\u00fczdelmeiben r\u00e9szt vev\u0151 egy\u00fcttes teljes\u00edtm\u00e9ny\u00e9t.<!--more--><\/p>\n<p>&#8211; K\u00e9t \u00e9vvel ezel\u0151tt k\u00fcl\u00f6nb\u00f6z\u0151 okok miatt szinte teljesen elt\u0171nt a 2004-es koroszt\u00e1ly a Csepel FC k\u00f6tel\u00e9k\u00e9b\u0151l, \u00e1m ez a helyzet tavaly ny\u00e1ron gy\u00f6keres fordulatot vett. N\u00e9meth G\u00e1bor \u00e9s Somodi \u00c1d\u00e1m koll\u00e9g\u00e1immal arra az elhat\u00e1roz\u00e1sra jutottunk, hogy visszaterelgess\u00fck a klubhoz a kor\u00e1bban itt nevelked\u0151, \u00e1m ilyen-olyan okb\u00f3l elker\u00fclt gyerekeket \u00e9s egys\u00e9ges, fejl\u0151d\u0151k\u00e9pes csapat kialak\u00edt\u00e1s\u00e1t t\u0171zt\u00fck ki c\u00e9lul. Ennek a tervnek a kivitelez\u00e9s\u00e9re augusztus v\u00e9g\u00e9re 22 gyereket siker\u00fclt megnyerni, \u00e1m ahogy ez lenni szokott, a hirtelen lelkesed\u00e9s sok gyerekn\u00e9l nem p\u00e1rosult kitart\u00e1ssal, \u00edgy t\u00f6bben lemorzsol\u00f3dtak \u00e9v k\u00f6zben. Szerencs\u00e9re a t\u00e9li sz\u00fcnetben is csatlakozott azonban min\u0151s\u00e9gi j\u00e1t\u00e9kos ehhez a koroszt\u00e1lyhoz, \u00edgy tavaszra kialakult az a 17 f\u0151s k\u00f6z\u00f6ss\u00e9g, akik a csapat \u00e1lland\u00f3 magj\u00e1t alkott\u00e1k, s akikre hossz\u00fa t\u00e1von lehetett\/lehet sz\u00e1m\u00edtani. Sajnos az \u0151sz\u00fcnk r\u00e1ment a tapasztalatszerz\u00e9sre \u00e9s a tanul\u00e1sra, de ezt egy cseppet sem b\u00e1nom, mert ez az id\u0151szak \u2013b\u00e1r kudarcokkal volt \u00f6vezve &#8211; igenis haszn\u00e1ra v\u00e1lt a j\u00e1t\u00e9kosoknak.\u00a0 Ezt k\u00f6vette &#8211; Dud\u00e1s J\u00e1nos feln\u0151tt csapatunk er\u0151nl\u00e9ti edz\u0151j\u00e9nek hathat\u00f3s k\u00f6zrem\u0171k\u00f6d\u00e9s\u00e9vel- egy nagyon mel\u00f3s kis t\u00e9li felk\u00e9sz\u00fcl\u00e9s, melynek gy\u00fcm\u00f6lcse tavasszal m\u00e1r megmutatkozott \u00fagy a j\u00e1t\u00e9kban, mint az eredm\u00e9nyess\u00e9gben is. Amiben eg\u00e9szen biztos vagyok: ez a t\u00e1rsas\u00e1g nem \u00e1llt meg a fejl\u0151d\u00e9s \u00fatj\u00e1n, s\u0151t!\u00a0 A m\u00e1r jav\u00e1ban zajl\u00f3 ny\u00e1ri felk\u00e9sz\u00fcl\u00e9sen \u00e9s az augusztusi, balatoni edz\u0151t\u00e1boroz\u00e1son tov\u00e1bb dolgozunk azon, hogy az el\u0151tt\u00fcnk \u00e1ll\u00f3 bajnoki meccsekhez sz\u00fcks\u00e9ges fizik\u00e1lis, technikai \u00e9s j\u00e1t\u00e9krendszer -beli hi\u00e1nyoss\u00e1gokat kik\u00fcsz\u00f6b\u00f6lj\u00fck, \u00e9s ki merem jelenteni, hogy ez a koroszt\u00e1ly sok \u00f6r\u00f6m\u00f6t fog m\u00e9g szerezni a Csepel FC-nek, a szurkol\u00f3knak \u00e9s a hozz\u00e1tartoz\u00f3knak is. Szeretn\u00e9m megk\u00f6sz\u00f6nni a klubvezet\u00e9s \u00e9s a sz\u00fcl\u0151k \u00f6nzetlen t\u00e1mogat\u00e1s\u00e1t, bizalm\u00e1t, seg\u00edts\u00e9g\u00e9t, ami mind-mind n\u00e9lk\u00fcl\u00f6zhetetlen a j\u00f6v\u0151beni sikeres szerepl\u00e9st illet\u0151en.\u00a0Az el\u0151z\u0151 bajnoks\u00e1gban ny\u00fajtott\u00a0teljes\u00edtm\u00e9ny\u00fcket \u00f6sszegezve: b\u00fcszke vagyok a sr\u00e1cokra!<\/p>\n","protected":false},"excerpt":{"rendered":"<div class=\"mh-excerpt\"><p>Klubunk U14-es egy\u00fcttese a kezdeti neh\u00e9zs\u00e9gek ut\u00e1n id\u00e9n tavasszal r\u00e1tal\u00e1lt a sikerek fel\u00e9 vezet\u0151 \u00fatra \u00e9s igazolta, hogy az \u0151sszel \u00e9s a t\u00e9li alapoz\u00e1skor befektetett kem\u00e9ny munk\u00e1nak igenis meg kell, <a class=\"mh-excerpt-more\" href=\"http:\/\/csepelfc.hu\/index.php\/2017\/07\/23\/u14-buszke-vagyok-a-sracokra-evertekeles\/\" title=\"U14: \u201eb\u00fcszke vagyok a sr\u00e1cokra!\u201d \u2013 \u00c9v\u00e9rt\u00e9kel\u00e9s\">[tov\u00e1bb&#8230;]<\/a><\/p>\n<\/div>","protected":false},"author":4,"featured_media":1237,"comment_status":"closed","ping_status":"open","sticky":false,"template":"","format":"standard","meta":{"jetpack_publicize_message":"","jetpack_is_tweetstorm":false,"jetpack_publicize_feature_enabled":true},"categories":[1,3],"tags":[],"jetpack_publicize_connections":[],"jetpack_featured_media_url":"http:\/\/csepelfc.hu\/wp-content\/uploads\/2017\/07\/U14-esek.jpg","jetpack_sharing_enabled":true,"jetpack_shortlink":"https:\/\/wp.me\/p83FEU-jW","_links":{"self":[{"href":"http:\/\/csepelfc.hu\/index.php\/wp-json\/wp\/v2\/posts\/1236"}],"collection":[{"href":"http:\/\/csepelfc.hu\/index.php\/wp-json\/wp\/v2\/posts"}],"about":[{"href":"http:\/\/csepelfc.hu\/index.php\/wp-json\/wp\/v2\/types\/post"}],"author":[{"embeddable":true,"href":"http:\/\/csepelfc.hu\/index.php\/wp-json\/wp\/v2\/users\/4"}],"replies":[{"embeddable":true,"href":"http:\/\/csepelfc.hu\/index.php\/wp-json\/wp\/v2\/comments?post=1236"}],"version-history":[{"count":4,"href":"http:\/\/csepelfc.hu\/index.php\/wp-json\/wp\/v2\/posts\/1236\/revisions"}],"predecessor-version":[{"id":1241,"href":"http:\/\/csepelfc.hu\/index.php\/wp-json\/wp\/v2\/posts\/1236\/revisions\/1241"}],"wp:featuredmedia":[{"embeddable":true,"href":"http:\/\/csepelfc.hu\/index.php\/wp-json\/wp\/v2\/media\/1237"}],"wp:attachment":[{"href":"http:\/\/csepelfc.hu\/index.php\/wp-json\/wp\/v2\/media?parent=1236"}],"wp:term":[{"taxonomy":"category","embeddable":true,"href":"http:\/\/csepelfc.hu\/index.php\/wp-json\/wp\/v2\/categories?post=1236"},{"taxonomy":"post_tag","embeddable":true,"href":"http:\/\/csepelfc.hu\/index.php\/wp-json\/wp\/v2\/tags?post=1236"}],"curies":[{"name":"wp","href":"https:\/\/api.w.org\/{rel}","templated":true}]}}