{"id":1221,"date":"2017-07-17T15:30:37","date_gmt":"2017-07-17T14:30:37","guid":{"rendered":"http:\/\/csepelfc.hu\/?p=1221"},"modified":"2017-07-17T15:31:15","modified_gmt":"2017-07-17T14:31:15","slug":"nb-iii-terv-szerint-zajlik-a-felkeszules","status":"publish","type":"post","link":"http:\/\/csepelfc.hu\/index.php\/2017\/07\/17\/nb-iii-terv-szerint-zajlik-a-felkeszules\/","title":{"rendered":"NB III: terv szerint zajlik a felk\u00e9sz\u00fcl\u00e9s"},"content":{"rendered":"<p>A Csepel FC\u00a0 feln\u0151tt labdar\u00fag\u00f3 csapata a terveknek megfelel\u0151en k\u00e9sz\u00fcl a 2017\/2018-as harmadoszt\u00e1ly\u00fa labdar\u00fag\u00f3 bajnoks\u00e1gra. A harmadik hete tart\u00f3\u00a0edz\u00e9seken k\u00edv\u00fcl k\u00e9t felk\u00e9sz\u00fcl\u00e9si tal\u00e1lkoz\u00f3n is t\u00fal vannak a sr\u00e1cok \u00e9s rengeteg pr\u00f3baj\u00e1t\u00e9kos \u00e9rkezett, akiket folyamatosan tesztel a szakmai st\u00e1b. <!--more-->Gabala Kriszti\u00e1n szakmai vezet\u0151 elmondta, hogy labdar\u00fag\u00f3ink napi k\u00e9t edz\u00e9ssel hangol\u00f3dnak a bajnoki szezonra \u00e9s folyamatosan zajlik a klubhoz \u00e9rkez\u0151 futballist\u00e1k tesztel\u00e9se, ami a h\u00e9ten minden val\u00f3sz\u00edn\u0171s\u00e9g szerint le is z\u00e1rul, \u00edgy m\u00e1r k\u00f6rvonalaz\u00f3dik a v\u00e9gleges keret. A felk\u00e9sz\u00fcl\u00e9si tal\u00e1lkoz\u00f3k a bajnoks\u00e1g kezdet\u00e9ig el\u0151re le vannak k\u00f6tve, \u00e1ltal\u00e1ban heti k\u00e9t alkalommal ker\u00fcl r\u00e1juk sor, eddig az MTK II ellen (1:2) \u00e9s az RKSK ellen (2:7) meccseltek a mieink, legk\u00f6zelebb pedig szerd\u00e1n, az\u00a0UTE\u00a0U19-es g\u00e1rd\u00e1j\u00e1val m\u00e9rik \u00f6ssze tud\u00e1sukat.<\/p>\n","protected":false},"excerpt":{"rendered":"<div class=\"mh-excerpt\"><p>A Csepel FC\u00a0 feln\u0151tt labdar\u00fag\u00f3 csapata a terveknek megfelel\u0151en k\u00e9sz\u00fcl a 2017\/2018-as harmadoszt\u00e1ly\u00fa labdar\u00fag\u00f3 bajnoks\u00e1gra. A harmadik hete tart\u00f3\u00a0edz\u00e9seken k\u00edv\u00fcl k\u00e9t felk\u00e9sz\u00fcl\u00e9si tal\u00e1lkoz\u00f3n is t\u00fal vannak a sr\u00e1cok \u00e9s rengeteg <a class=\"mh-excerpt-more\" href=\"http:\/\/csepelfc.hu\/index.php\/2017\/07\/17\/nb-iii-terv-szerint-zajlik-a-felkeszules\/\" title=\"NB III: terv szerint zajlik a felk\u00e9sz\u00fcl\u00e9s\">[tov\u00e1bb&#8230;]<\/a><\/p>\n<\/div>","protected":false},"author":4,"featured_media":1222,"comment_status":"closed","ping_status":"open","sticky":false,"template":"","format":"standard","meta":{"jetpack_publicize_message":"","jetpack_is_tweetstorm":false,"jetpack_publicize_feature_enabled":true},"categories":[1,7],"tags":[],"jetpack_publicize_connections":[],"jetpack_featured_media_url":"http:\/\/csepelfc.hu\/wp-content\/uploads\/2017\/07\/Edzes.jpg","jetpack_sharing_enabled":true,"jetpack_shortlink":"https:\/\/wp.me\/p83FEU-jH","_links":{"self":[{"href":"http:\/\/csepelfc.hu\/index.php\/wp-json\/wp\/v2\/posts\/1221"}],"collection":[{"href":"http:\/\/csepelfc.hu\/index.php\/wp-json\/wp\/v2\/posts"}],"about":[{"href":"http:\/\/csepelfc.hu\/index.php\/wp-json\/wp\/v2\/types\/post"}],"author":[{"embeddable":true,"href":"http:\/\/csepelfc.hu\/index.php\/wp-json\/wp\/v2\/users\/4"}],"replies":[{"embeddable":true,"href":"http:\/\/csepelfc.hu\/index.php\/wp-json\/wp\/v2\/comments?post=1221"}],"version-history":[{"count":2,"href":"http:\/\/csepelfc.hu\/index.php\/wp-json\/wp\/v2\/posts\/1221\/revisions"}],"predecessor-version":[{"id":1224,"href":"http:\/\/csepelfc.hu\/index.php\/wp-json\/wp\/v2\/posts\/1221\/revisions\/1224"}],"wp:featuredmedia":[{"embeddable":true,"href":"http:\/\/csepelfc.hu\/index.php\/wp-json\/wp\/v2\/media\/1222"}],"wp:attachment":[{"href":"http:\/\/csepelfc.hu\/index.php\/wp-json\/wp\/v2\/media?parent=1221"}],"wp:term":[{"taxonomy":"category","embeddable":true,"href":"http:\/\/csepelfc.hu\/index.php\/wp-json\/wp\/v2\/categories?post=1221"},{"taxonomy":"post_tag","embeddable":true,"href":"http:\/\/csepelfc.hu\/index.php\/wp-json\/wp\/v2\/tags?post=1221"}],"curies":[{"name":"wp","href":"https:\/\/api.w.org\/{rel}","templated":true}]}}