{"id":1199,"date":"2017-07-06T13:42:17","date_gmt":"2017-07-06T12:42:17","guid":{"rendered":"http:\/\/csepelfc.hu\/?p=1199"},"modified":"2017-07-06T13:45:23","modified_gmt":"2017-07-06T12:45:23","slug":"bajnoki-evertekelo-u17-u19","status":"publish","type":"post","link":"http:\/\/csepelfc.hu\/index.php\/2017\/07\/06\/bajnoki-evertekelo-u17-u19\/","title":{"rendered":"Bajnoki \u00e9v\u00e9rt\u00e9kel\u0151 &#8211; U17, U19"},"content":{"rendered":"<p>A Csepel FC koroszt\u00e1lyos labdar\u00fag\u00f3 csapatai k\u00f6z\u00fcl az U17-es \u00e9s az U19-es a III. oszt\u00e1ly K\u00f6z\u00e9p-Nyugati csoportj\u00e1ban szerepeltek, el\u0151bbi a 4, m\u00edg ut\u00f3bbi a dobog\u00f3 3. hely\u00e9n z\u00e1rta a 2016\/2017-es bajnoks\u00e1got.<!--more-->A csapatokat a BordaViktor &#8211; Pop Rich\u00e1rd edz\u0151p\u00e1ros ir\u00e1ny\u00edtotta, az \u00e9rt\u00e9kel\u00e9st \u00a0Borda Viktort\u00f3l kaptuk meg:<\/p>\n<p><strong>U17:<\/strong><\/p>\n<p>&#8211; A bajnoks\u00e1gnak \u00fagy indultunk neki, hogy \u00a0amennyiben az \u00e9len v\u00e9gz\u00fcnk, lehet\u0151s\u00e9get kapunk arra, hogy a csepeli ut\u00e1np\u00f3tl\u00e1st az NB II-be emelj\u00fck. Hogy ez re\u00e1lis lehet\u0151s\u00e9g volt -e ? Az els\u0151 9 fordul\u00f3ig ak\u00e1r \u00fagy is t\u0171nhetett. Azt\u00e1n az utols\u00f3\u00a0n\u00e9gy \u0151szi\u00a0m\u00e9rk\u0151z\u00e9sen ez a sansz sajnos messze ker\u00fclt t\u0151l\u00fcnk&#8230;\u00a0Tavasszal azt\u00e1n \u00fajra felk\u00fczd\u00f6tt\u00fck magunkat \u00e9s az utols\u00f3 pillanatig harcban \u00e1lltunk az ez\u00fcst\u00e9rem\u00e9rt, ami\u00a0m\u00e1r t\u00e9nyk\u00e9rd\u00e9ss\u00e9 v\u00e1lt. A v\u00e9ge azt\u00e1n a 4-ik hely lett !Remek szezont produk\u00e1lt a z\u00f6m\u00e9ben 2001 -es j\u00e1t\u00e9kosok alkotta U17-es g\u00e1rda. Le a kalappal mind az elv\u00e9gzett munka, mind (b\u00e1r itt az\u00e9rt van m\u00e9g mit fejl\u0151dn\u00fcnk) pedig a mutatott fejl\u0151d\u00e9s \u00e9s a csapat j\u00e1t\u00e9k\u00e1nak tekintet\u00e9ben. Mi adtuk a bajnoks\u00e1g g\u00f3lkir\u00e1ly\u00e1t \u00e9s t\u00f6bb j\u00e1t\u00e9kos is \u00edg\u00e9retes teljes\u00edtm\u00e9ny\u00e9vel h\u00edvta fel\u00a0mag\u00e1ra a feln\u0151tt csapat vezet\u0151edz\u0151j\u00e9nek figyelm\u00e9t!\u00a0A bajnoks\u00e1g\u00a0finis\u00e9re igazi CSAPATT\u00c1 \u00e9rtek fiataljaink. K\u00edv\u00e1nhatunk -e\u00a0enn\u00e9l t\u00f6bbet 2017\/18-ra ? Igen. M\u00e9g t\u00f6bb fejl\u0151d\u00e9st, illetve m\u00e9g inspir\u00e1l\u00f3bb helyez\u00e9st.<\/p>\n<p><strong>U19:<\/strong><\/p>\n<p>&#8211; Ki merem jelenteni, hogy ezekkel a sr\u00e1cokkal siker\u00e9vet z\u00e1rtunk! A csapat nagyon sok\u00e1ig vezette a tabell\u00e1t \u00e9s m\u00e9g tov\u00e1bb \u00e1llt a dobog\u00f3 m\u00e1sodik fok\u00e1n.\u00a0Ett\u0151l f\u00fcggetlen\u00fcl\u00a0a v\u00e9gs\u0151, 3 -ik helyez\u00e9st is kiv\u00e1l\u00f3 eredm\u00e9nynek tartom \u00e9s \u0151szinte gratul\u00e1ci\u00f3m minden egyes csapattagnak. Elmondhatom, hogy ezzel a koroszt\u00e1llyal k\u00f6nny\u0171 \u00e9s h\u00e1l\u00e1s feladat volt egy\u00fctt dolgozni, mert mind edz\u00e9sl\u00e1togatotts\u00e1gban, mind hozz\u00e1\u00e1ll\u00e1sban p\u00e9ld\u00e1t mutattak a fiataloknak.\u00a0A taktikai fegyelmezetts\u00e9g \u00e9s \u00e9retts\u00e9g tekintet\u00e9ben pedig helyenk\u00e9nt feln\u0151tt csapathoz m\u00e9rhet\u0151 szinten teljes\u00edtettetek. Kicsit\u00a0nehezebb r\u00f3luk nyilatkozni, ugyanis ez a koroszt\u00e1ly mindig az elv\u00e1l\u00e1st is jelenti. Sok olyan kiv\u00e1l\u00f3 fiatalt\u00f3l b\u00facs\u00fazik a Csepel FC\u00a0ut\u00e1np\u00f3tl\u00e1sa, akikkel 4 esztend\u0151t dolgoztunk egy\u00fctt. K\u00f6sz\u00f6nj\u00fck nekik hogy v\u00e9gig CSEPELIEK\u00a0maradtak \u00e9s rem\u00e9lem n\u00e9h\u00e1nyukkal tal\u00e1lkozunk a feln\u0151tt keretben,\u00a0\u00e1m ha m\u00e1shol nem, a lel\u00e1t\u00f3n mindenk\u00e9ppen! Sok sikert k\u00edv\u00e1nok nekik, vet\u0151djenek b\u00e1rmerre az \u00e9letben!<\/p>\n","protected":false},"excerpt":{"rendered":"<div class=\"mh-excerpt\"><p>A Csepel FC koroszt\u00e1lyos labdar\u00fag\u00f3 csapatai k\u00f6z\u00fcl az U17-es \u00e9s az U19-es a III. oszt\u00e1ly K\u00f6z\u00e9p-Nyugati csoportj\u00e1ban szerepeltek, el\u0151bbi a 4, m\u00edg ut\u00f3bbi a dobog\u00f3 3. hely\u00e9n z\u00e1rta a 2016\/2017-es <a class=\"mh-excerpt-more\" href=\"http:\/\/csepelfc.hu\/index.php\/2017\/07\/06\/bajnoki-evertekelo-u17-u19\/\" title=\"Bajnoki \u00e9v\u00e9rt\u00e9kel\u0151 &#8211; U17, U19\">[tov\u00e1bb&#8230;]<\/a><\/p>\n<\/div>","protected":false},"author":4,"featured_media":1205,"comment_status":"closed","ping_status":"open","sticky":false,"template":"","format":"standard","meta":{"jetpack_publicize_message":"","jetpack_is_tweetstorm":false,"jetpack_publicize_feature_enabled":true},"categories":[1,3],"tags":[],"jetpack_publicize_connections":[],"jetpack_featured_media_url":"http:\/\/csepelfc.hu\/wp-content\/uploads\/2017\/07\/U17-U19-Csapatfotok..jpg","jetpack_sharing_enabled":true,"jetpack_shortlink":"https:\/\/wp.me\/p83FEU-jl","_links":{"self":[{"href":"http:\/\/csepelfc.hu\/index.php\/wp-json\/wp\/v2\/posts\/1199"}],"collection":[{"href":"http:\/\/csepelfc.hu\/index.php\/wp-json\/wp\/v2\/posts"}],"about":[{"href":"http:\/\/csepelfc.hu\/index.php\/wp-json\/wp\/v2\/types\/post"}],"author":[{"embeddable":true,"href":"http:\/\/csepelfc.hu\/index.php\/wp-json\/wp\/v2\/users\/4"}],"replies":[{"embeddable":true,"href":"http:\/\/csepelfc.hu\/index.php\/wp-json\/wp\/v2\/comments?post=1199"}],"version-history":[{"count":4,"href":"http:\/\/csepelfc.hu\/index.php\/wp-json\/wp\/v2\/posts\/1199\/revisions"}],"predecessor-version":[{"id":1204,"href":"http:\/\/csepelfc.hu\/index.php\/wp-json\/wp\/v2\/posts\/1199\/revisions\/1204"}],"wp:featuredmedia":[{"embeddable":true,"href":"http:\/\/csepelfc.hu\/index.php\/wp-json\/wp\/v2\/media\/1205"}],"wp:attachment":[{"href":"http:\/\/csepelfc.hu\/index.php\/wp-json\/wp\/v2\/media?parent=1199"}],"wp:term":[{"taxonomy":"category","embeddable":true,"href":"http:\/\/csepelfc.hu\/index.php\/wp-json\/wp\/v2\/categories?post=1199"},{"taxonomy":"post_tag","embeddable":true,"href":"http:\/\/csepelfc.hu\/index.php\/wp-json\/wp\/v2\/tags?post=1199"}],"curies":[{"name":"wp","href":"https:\/\/api.w.org\/{rel}","templated":true}]}}