{"id":1193,"date":"2017-07-04T08:36:14","date_gmt":"2017-07-04T07:36:14","guid":{"rendered":"http:\/\/csepelfc.hu\/?p=1193"},"modified":"2017-07-04T08:36:31","modified_gmt":"2017-07-04T07:36:31","slug":"alapozas-julius-17-en-kezdenek-a-2002-esek","status":"publish","type":"post","link":"http:\/\/csepelfc.hu\/index.php\/2017\/07\/04\/alapozas-julius-17-en-kezdenek-a-2002-esek\/","title":{"rendered":"Felk\u00e9sz\u00fcl\u00e9s: j\u00falius 17-\u00e9n kezdenek a 2002- esek"},"content":{"rendered":"<p>A Csepel FC feln\u0151tt csapat m\u00e1r ezen a h\u00e9ten megkezdi a felk\u00e9sz\u00fcl\u00e9st a k\u00f6vetkez\u0151 bajnoki szezonra, \u00e9s k\u00e9s\u0151bb csatlakoznak hozz\u00e1juk ut\u00e1np\u00f3tl\u00e1s koroszt\u00e1ly\u00fa sportol\u00f3ink is. A 2002- es koroszt\u00e1ly els\u0151 tr\u00e9ningje j\u00falius 17-\u00e9n h\u00e9tf\u0151n 16 \u00f3r\u00e1t\u00f3l lesz a B\u00e9ke t\u00e9ri sporttelepen.<!--more-->A t\u00f6bbi koroszt\u00e1ly felk\u00e9sz\u00fcl\u00e9si id\u0151pontj\u00e1r\u00f3l, felk\u00e9sz\u00fcl\u00e9si programj\u00e1r\u00f3l a k\u00e9s\u0151bbiekben adunk t\u00e1j\u00e9koztat\u00e1st.<\/p>\n","protected":false},"excerpt":{"rendered":"<div class=\"mh-excerpt\"><p>A Csepel FC feln\u0151tt csapat m\u00e1r ezen a h\u00e9ten megkezdi a felk\u00e9sz\u00fcl\u00e9st a k\u00f6vetkez\u0151 bajnoki szezonra, \u00e9s k\u00e9s\u0151bb csatlakoznak hozz\u00e1juk ut\u00e1np\u00f3tl\u00e1s koroszt\u00e1ly\u00fa sportol\u00f3ink is. A 2002- es koroszt\u00e1ly els\u0151 tr\u00e9ningje <a class=\"mh-excerpt-more\" href=\"http:\/\/csepelfc.hu\/index.php\/2017\/07\/04\/alapozas-julius-17-en-kezdenek-a-2002-esek\/\" title=\"Felk\u00e9sz\u00fcl\u00e9s: j\u00falius 17-\u00e9n kezdenek a 2002- esek\">[tov\u00e1bb&#8230;]<\/a><\/p>\n<\/div>","protected":false},"author":4,"featured_media":1194,"comment_status":"closed","ping_status":"open","sticky":false,"template":"","format":"standard","meta":{"jetpack_publicize_message":"","jetpack_is_tweetstorm":false,"jetpack_publicize_feature_enabled":true},"categories":[1,3],"tags":[],"jetpack_publicize_connections":[],"jetpack_featured_media_url":"http:\/\/csepelfc.hu\/wp-content\/uploads\/2017\/07\/Felkeszul.jpg","jetpack_sharing_enabled":true,"jetpack_shortlink":"https:\/\/wp.me\/p83FEU-jf","_links":{"self":[{"href":"http:\/\/csepelfc.hu\/index.php\/wp-json\/wp\/v2\/posts\/1193"}],"collection":[{"href":"http:\/\/csepelfc.hu\/index.php\/wp-json\/wp\/v2\/posts"}],"about":[{"href":"http:\/\/csepelfc.hu\/index.php\/wp-json\/wp\/v2\/types\/post"}],"author":[{"embeddable":true,"href":"http:\/\/csepelfc.hu\/index.php\/wp-json\/wp\/v2\/users\/4"}],"replies":[{"embeddable":true,"href":"http:\/\/csepelfc.hu\/index.php\/wp-json\/wp\/v2\/comments?post=1193"}],"version-history":[{"count":2,"href":"http:\/\/csepelfc.hu\/index.php\/wp-json\/wp\/v2\/posts\/1193\/revisions"}],"predecessor-version":[{"id":1196,"href":"http:\/\/csepelfc.hu\/index.php\/wp-json\/wp\/v2\/posts\/1193\/revisions\/1196"}],"wp:featuredmedia":[{"embeddable":true,"href":"http:\/\/csepelfc.hu\/index.php\/wp-json\/wp\/v2\/media\/1194"}],"wp:attachment":[{"href":"http:\/\/csepelfc.hu\/index.php\/wp-json\/wp\/v2\/media?parent=1193"}],"wp:term":[{"taxonomy":"category","embeddable":true,"href":"http:\/\/csepelfc.hu\/index.php\/wp-json\/wp\/v2\/categories?post=1193"},{"taxonomy":"post_tag","embeddable":true,"href":"http:\/\/csepelfc.hu\/index.php\/wp-json\/wp\/v2\/tags?post=1193"}],"curies":[{"name":"wp","href":"https:\/\/api.w.org\/{rel}","templated":true}]}}