{"id":1188,"date":"2017-07-03T15:03:30","date_gmt":"2017-07-03T14:03:30","guid":{"rendered":"http:\/\/csepelfc.hu\/?p=1188"},"modified":"2017-07-03T15:04:54","modified_gmt":"2017-07-03T14:04:54","slug":"hasitott-a-csepel-fc-nyari-tabora-hamarosan-folytatjuk","status":"publish","type":"post","link":"http:\/\/csepelfc.hu\/index.php\/2017\/07\/03\/hasitott-a-csepel-fc-nyari-tabora-hamarosan-folytatjuk\/","title":{"rendered":"&#8220;Has\u00edtott&#8221; a Csepel FC Ny\u00e1ri T\u00e1bora &#8211; hamarosan folytatjuk!"},"content":{"rendered":"<p>J\u00fanius 30-\u00e1val lez\u00e1rult a Csepel FC ny\u00e1ri, k\u00e9t h\u00e9ten \u00e1t tart\u00f3\u00a0labdar\u00fag\u00f3 t\u00e1bora, ami a sport\u00e9rt\u00e9ken t\u00fal felejthetetlen \u00e9lm\u00e9nyekkel is gazdag\u00edtotta a B\u00e9ke t\u00e9ri sporttelepen t\u00e1boroz\u00f3kat. A k\u00e9t h\u00e9t alatt napi 50-60 gyereknek ny\u00fajtott felh\u0151tlen sz\u00f3rakoz\u00e1st reggelt\u0151l k\u00e9s\u0151 d\u00e9lut\u00e1nig tart\u00f3 tartalmas program.<!--more-->A Kincses \u00c1d\u00e1m, Horv\u00e1th Csaba, Tak\u00e1cs D\u00e1vid, Csaba L\u00e1szl\u00f3, Szab\u00f3 Zolt\u00e1n\u00a0alkotta Team nem csak szakmailag, ann\u00e1l j\u00f3val odaad\u00f3bb m\u00f3don \u00fcgyelt arra, hogy a sr\u00e1cokkal ne t\u00f6rt\u00e9nj\u00e9k semmi baj \u00e9s minden t\u0151l\u00fck telhet\u0151t megtettek az\u00e9rt, hogy a focin k\u00edv\u00fcl is minden lurk\u00f3\u00a0a lehet\u0151 legjobban \u00e9rezze mag\u00e1t. Szerencs\u00e9re ez marad\u00e9ktalanul teljes\u00fclt is, amit egy Facebookra k\u00fcld\u00f6tt\u00a0sz\u00fcl\u0151i lev\u00e9l bizony\u00edt tal\u00e1n a leg\u00e9kesebben:<\/p>\n<p><em>&#8221;\u00a0Val\u00f3s\u00e1gos csoda, amit a t\u00e1bor edz\u0151i id\u00e9n is m\u0171veltek a gyerekekkel: egyszer\u0171en megb\u0171v\u00f6lik \u0151ket a kedvess\u00e9g\u00fckkel, t\u00fcrelm\u00fckkel. Nem csoda, hogy a sr\u00e1cok szinte folyamatosan f\u00fcrt\u00f6kben l\u00f3gtak rajtuk, de \u0151k nagy szeretettel kezelt\u00e9k a helyzetet. J\u00f3 pihen\u00e9st k\u00edv\u00e1nunk nekik a ny\u00e1rra \u00e9s k\u00f6sz\u00f6nj\u00fck a k\u00e9t \u00e9lm\u00e9nyteli hetet,<\/em> \u00fcdv: Kr\u00e1m T\u00edmea + a Pelik\u00e1n gyerekek&#8221;<\/p>\n<p>D\u00e1vid b\u00e1csi (Tak\u00e1cs D\u00e1vid) nem kis\u00a0f\u00e1jdalmunkra ezzel sajnos el is k\u00f6sz\u00f6nt a Csepel FC-t\u0151l,\u00a0\u00e1m ann\u00e1l nagyobb\u00a0b\u00fcszkes\u00e9ggel mondhatjuk el, hogy a Ferencv\u00e1ros ut\u00e1np\u00f3tl\u00e1sa\u00a0&#8220;igazolta le&#8221;, ahol m\u00e9g tov\u00e1bb fejlesztheti tud\u00e1s\u00e1t, s b\u00e1r nek\u00fcnk \u00e9s (legink\u00e1bb) a gyerekeknek hi\u00e1nyozni fog, sok sikert k\u00edv\u00e1nunk neki a z\u00f6ld-feh\u00e9rekn\u00e9l!<\/p>\n<p>A Csepel FC a tervek szerint <strong>augusztusban<\/strong> is ind\u00edt t\u00e1bort, melynek r\u00e9szleteit hamarosan k\u00f6zz\u00e9 tessz\u00fck, addig is j\u00f3 pihen\u00e9st, tartalmas kikapcsol\u00f3d\u00e1st \u00e9s kellemes regener\u00e1l\u00f3d\u00e1st k\u00edv\u00e1nunk minden j\u00e1t\u00e9kosnak \u00e9s csal\u00e1dtagjaiknak is!<\/p>\n","protected":false},"excerpt":{"rendered":"<div class=\"mh-excerpt\"><p>J\u00fanius 30-\u00e1val lez\u00e1rult a Csepel FC ny\u00e1ri, k\u00e9t h\u00e9ten \u00e1t tart\u00f3\u00a0labdar\u00fag\u00f3 t\u00e1bora, ami a sport\u00e9rt\u00e9ken t\u00fal felejthetetlen \u00e9lm\u00e9nyekkel is gazdag\u00edtotta a B\u00e9ke t\u00e9ri sporttelepen t\u00e1boroz\u00f3kat. A k\u00e9t h\u00e9t alatt napi <a class=\"mh-excerpt-more\" href=\"http:\/\/csepelfc.hu\/index.php\/2017\/07\/03\/hasitott-a-csepel-fc-nyari-tabora-hamarosan-folytatjuk\/\" title=\"&#8220;Has\u00edtott&#8221; a Csepel FC Ny\u00e1ri T\u00e1bora &#8211; hamarosan folytatjuk!\">[tov\u00e1bb&#8230;]<\/a><\/p>\n<\/div>","protected":false},"author":4,"featured_media":1189,"comment_status":"closed","ping_status":"open","sticky":false,"template":"","format":"standard","meta":{"jetpack_publicize_message":"","jetpack_is_tweetstorm":false,"jetpack_publicize_feature_enabled":true},"categories":[1,3],"tags":[],"jetpack_publicize_connections":[],"jetpack_featured_media_url":"http:\/\/csepelfc.hu\/wp-content\/uploads\/2017\/07\/Palyanakicsikk..jpg","jetpack_sharing_enabled":true,"jetpack_shortlink":"https:\/\/wp.me\/p83FEU-ja","_links":{"self":[{"href":"http:\/\/csepelfc.hu\/index.php\/wp-json\/wp\/v2\/posts\/1188"}],"collection":[{"href":"http:\/\/csepelfc.hu\/index.php\/wp-json\/wp\/v2\/posts"}],"about":[{"href":"http:\/\/csepelfc.hu\/index.php\/wp-json\/wp\/v2\/types\/post"}],"author":[{"embeddable":true,"href":"http:\/\/csepelfc.hu\/index.php\/wp-json\/wp\/v2\/users\/4"}],"replies":[{"embeddable":true,"href":"http:\/\/csepelfc.hu\/index.php\/wp-json\/wp\/v2\/comments?post=1188"}],"version-history":[{"count":3,"href":"http:\/\/csepelfc.hu\/index.php\/wp-json\/wp\/v2\/posts\/1188\/revisions"}],"predecessor-version":[{"id":1192,"href":"http:\/\/csepelfc.hu\/index.php\/wp-json\/wp\/v2\/posts\/1188\/revisions\/1192"}],"wp:featuredmedia":[{"embeddable":true,"href":"http:\/\/csepelfc.hu\/index.php\/wp-json\/wp\/v2\/media\/1189"}],"wp:attachment":[{"href":"http:\/\/csepelfc.hu\/index.php\/wp-json\/wp\/v2\/media?parent=1188"}],"wp:term":[{"taxonomy":"category","embeddable":true,"href":"http:\/\/csepelfc.hu\/index.php\/wp-json\/wp\/v2\/categories?post=1188"},{"taxonomy":"post_tag","embeddable":true,"href":"http:\/\/csepelfc.hu\/index.php\/wp-json\/wp\/v2\/tags?post=1188"}],"curies":[{"name":"wp","href":"https:\/\/api.w.org\/{rel}","templated":true}]}}