{"id":1184,"date":"2017-07-03T13:03:58","date_gmt":"2017-07-03T12:03:58","guid":{"rendered":"http:\/\/csepelfc.hu\/?p=1184"},"modified":"2017-07-05T09:48:57","modified_gmt":"2017-07-05T08:48:57","slug":"szerdan-indul-a-felkeszules","status":"publish","type":"post","link":"http:\/\/csepelfc.hu\/index.php\/2017\/07\/03\/szerdan-indul-a-felkeszules\/","title":{"rendered":"Szerd\u00e1n indul a felk\u00e9sz\u00fcl\u00e9s!"},"content":{"rendered":"<p>A Csepel FC NB III-as feln\u0151tt labdar\u00fag\u00f3csapata j\u00falius 5-\u00e9n, szerd\u00e1n elkezdi a felk\u00e9sz\u00fcl\u00e9st a 2017\/2018-as bajnoki k\u00fczdelmekre, ahov\u00e1 az MLSZ j\u00f3v\u00e1hagyta klubunk nevez\u00e9s\u00e9t. Az els\u0151 tr\u00e9ning term\u00e9szetesen a B\u00e9ke t\u00e9ri sporttelepen lesz, ahol sok mindenre f\u00e9ny der\u00fcl a j\u00f6v\u0151t illet\u0151en.<!--more--> Az els\u0151 edz\u00e9s ut\u00e1n &#8211; melynek v\u00e1rhat\u00f3 id\u0151pontja 18 \u00f3ra- term\u00e9szetesen besz\u00e1molunk a v\u00e1ltoz\u00e1sokr\u00f3l \u00e9s a r\u00e9szletes felk\u00e9sz\u00fcl\u00e9si program is kiker\u00fcl honlapunkra.<\/p>\n","protected":false},"excerpt":{"rendered":"<div class=\"mh-excerpt\"><p>A Csepel FC NB III-as feln\u0151tt labdar\u00fag\u00f3csapata j\u00falius 5-\u00e9n, szerd\u00e1n elkezdi a felk\u00e9sz\u00fcl\u00e9st a 2017\/2018-as bajnoki k\u00fczdelmekre, ahov\u00e1 az MLSZ j\u00f3v\u00e1hagyta klubunk nevez\u00e9s\u00e9t. Az els\u0151 tr\u00e9ning term\u00e9szetesen a B\u00e9ke t\u00e9ri <a class=\"mh-excerpt-more\" href=\"http:\/\/csepelfc.hu\/index.php\/2017\/07\/03\/szerdan-indul-a-felkeszules\/\" title=\"Szerd\u00e1n indul a felk\u00e9sz\u00fcl\u00e9s!\">[tov\u00e1bb&#8230;]<\/a><\/p>\n<\/div>","protected":false},"author":4,"featured_media":1185,"comment_status":"closed","ping_status":"open","sticky":false,"template":"","format":"standard","meta":{"jetpack_publicize_message":"","jetpack_is_tweetstorm":false,"jetpack_publicize_feature_enabled":true},"categories":[1,7],"tags":[],"jetpack_publicize_connections":[],"jetpack_featured_media_url":"http:\/\/csepelfc.hu\/wp-content\/uploads\/2017\/07\/Start.jpg","jetpack_sharing_enabled":true,"jetpack_shortlink":"https:\/\/wp.me\/p83FEU-j6","_links":{"self":[{"href":"http:\/\/csepelfc.hu\/index.php\/wp-json\/wp\/v2\/posts\/1184"}],"collection":[{"href":"http:\/\/csepelfc.hu\/index.php\/wp-json\/wp\/v2\/posts"}],"about":[{"href":"http:\/\/csepelfc.hu\/index.php\/wp-json\/wp\/v2\/types\/post"}],"author":[{"embeddable":true,"href":"http:\/\/csepelfc.hu\/index.php\/wp-json\/wp\/v2\/users\/4"}],"replies":[{"embeddable":true,"href":"http:\/\/csepelfc.hu\/index.php\/wp-json\/wp\/v2\/comments?post=1184"}],"version-history":[{"count":3,"href":"http:\/\/csepelfc.hu\/index.php\/wp-json\/wp\/v2\/posts\/1184\/revisions"}],"predecessor-version":[{"id":1197,"href":"http:\/\/csepelfc.hu\/index.php\/wp-json\/wp\/v2\/posts\/1184\/revisions\/1197"}],"wp:featuredmedia":[{"embeddable":true,"href":"http:\/\/csepelfc.hu\/index.php\/wp-json\/wp\/v2\/media\/1185"}],"wp:attachment":[{"href":"http:\/\/csepelfc.hu\/index.php\/wp-json\/wp\/v2\/media?parent=1184"}],"wp:term":[{"taxonomy":"category","embeddable":true,"href":"http:\/\/csepelfc.hu\/index.php\/wp-json\/wp\/v2\/categories?post=1184"},{"taxonomy":"post_tag","embeddable":true,"href":"http:\/\/csepelfc.hu\/index.php\/wp-json\/wp\/v2\/tags?post=1184"}],"curies":[{"name":"wp","href":"https:\/\/api.w.org\/{rel}","templated":true}]}}