{"id":1172,"date":"2017-06-25T12:39:00","date_gmt":"2017-06-25T11:39:00","guid":{"rendered":"http:\/\/csepelfc.hu\/?p=1172"},"modified":"2017-06-26T09:10:47","modified_gmt":"2017-06-26T08:10:47","slug":"jelentes-a-csepelfc-nyari-taborabol","status":"publish","type":"post","link":"http:\/\/csepelfc.hu\/index.php\/2017\/06\/25\/jelentes-a-csepelfc-nyari-taborabol\/","title":{"rendered":"Jelent\u00e9s a Csepel FC ny\u00e1ri t\u00e1bor\u00e1b\u00f3l"},"content":{"rendered":"<p>A kor\u00e1bbi n\u00e9pszer\u0171s\u00e9g\u00e9t is meghalad\u00f3an &#8220;d\u00fcb\u00f6r\u00f6g&#8221; a Csepel FC ny\u00e1ri, labdar\u00fag\u00f3\u00a0t\u00e1bora. A B\u00e9ke t\u00e9ri sporttelep h\u00e9tf\u0151t\u0151l-p\u00e9ntekig \u00fajra gyerekzsivajt\u00f3l hangos, megn\u00e9zt\u00fck h\u00e1t, hogy milyen is\u00a0az idei t\u00e1bor\u00e9let.<!--more-->A Kincses \u00c1d\u00e1m,\u00a0Horv\u00e1th Csaba, Tak\u00e1cs D\u00e1vid, Csaba L\u00e1szl\u00f3, Szab\u00f3 Zolt\u00e1n\u00a0edz\u0151kb\u0151l \u00e1ll\u00f3 team- nek nincs k\u00f6nny\u0171 dolga, a napi 60-70 gyerek fel\u00fcgyelet\u00e9t illet\u0151en, \u00e1m \u0151k l\u00e1that\u00f3an j\u00f3l megb\u00edrk\u00f3znak a feladattal. Kincses \u00c1d\u00e1m elmondta, hogy volt olyan nap,\u00a0amikor 75 gyerek t\u00e1boroztat\u00e1s\u00e1t kellett megoldaniuk, ami t\u00f6k\u00e9letesen siker\u00fclt. A napi k\u00e9t edz\u00e9sen k\u00edv\u00fcl sz\u00e1mos tartalmas programot \u00e9p\u00edtettek be a t\u00e1bor mindennapjaiba, \u00edgy sorversenyek, k\u00f6t\u00e9lh\u00faz\u00e1s, valamint k\u00fcl\u00f6nf\u00e9le j\u00e1t\u00e9kok is kiv\u00e1l\u00f3 elfoglalts\u00e1got jelentettek a lurk\u00f3knak, akik szemmel l\u00e1that\u00f3an remek\u00fcl \u00e9rzik magukat. Az \u00e9tkez\u00e9st is a helysz\u00ednen oldj\u00e1k meg \u00e9s az adagoknak k\u00f6sz\u00f6nhet\u0151en \u00e9hes sz\u00e1j szinte soha nem marad egyetlen napon sem. A nagy sikerre val\u00f3 tekintettel a szakvezet\u00e9s a j\u00f6v\u0151 h\u00e9tre, s\u0151t a ny\u00e1r k\u00e9s\u0151bbi r\u00e9sz\u00e9re is tervez Csepel FC t\u00e1bort, ahov\u00e1 tov\u00e1bbra is v\u00e1rj\u00e1k a jelentkez\u0151ket.<\/p>\n","protected":false},"excerpt":{"rendered":"<div class=\"mh-excerpt\"><p>A kor\u00e1bbi n\u00e9pszer\u0171s\u00e9g\u00e9t is meghalad\u00f3an &#8220;d\u00fcb\u00f6r\u00f6g&#8221; a Csepel FC ny\u00e1ri, labdar\u00fag\u00f3\u00a0t\u00e1bora. A B\u00e9ke t\u00e9ri sporttelep h\u00e9tf\u0151t\u0151l-p\u00e9ntekig \u00fajra gyerekzsivajt\u00f3l hangos, megn\u00e9zt\u00fck h\u00e1t, hogy milyen is\u00a0az idei t\u00e1bor\u00e9let.<\/p>\n<\/div>","protected":false},"author":4,"featured_media":1173,"comment_status":"closed","ping_status":"open","sticky":false,"template":"","format":"standard","meta":{"jetpack_publicize_message":"","jetpack_is_tweetstorm":false,"jetpack_publicize_feature_enabled":true},"categories":[1,3],"tags":[],"jetpack_publicize_connections":[],"jetpack_featured_media_url":"http:\/\/csepelfc.hu\/wp-content\/uploads\/2017\/06\/Kotelhuzosk..jpg","jetpack_sharing_enabled":true,"jetpack_shortlink":"https:\/\/wp.me\/p83FEU-iU","_links":{"self":[{"href":"http:\/\/csepelfc.hu\/index.php\/wp-json\/wp\/v2\/posts\/1172"}],"collection":[{"href":"http:\/\/csepelfc.hu\/index.php\/wp-json\/wp\/v2\/posts"}],"about":[{"href":"http:\/\/csepelfc.hu\/index.php\/wp-json\/wp\/v2\/types\/post"}],"author":[{"embeddable":true,"href":"http:\/\/csepelfc.hu\/index.php\/wp-json\/wp\/v2\/users\/4"}],"replies":[{"embeddable":true,"href":"http:\/\/csepelfc.hu\/index.php\/wp-json\/wp\/v2\/comments?post=1172"}],"version-history":[{"count":5,"href":"http:\/\/csepelfc.hu\/index.php\/wp-json\/wp\/v2\/posts\/1172\/revisions"}],"predecessor-version":[{"id":1178,"href":"http:\/\/csepelfc.hu\/index.php\/wp-json\/wp\/v2\/posts\/1172\/revisions\/1178"}],"wp:featuredmedia":[{"embeddable":true,"href":"http:\/\/csepelfc.hu\/index.php\/wp-json\/wp\/v2\/media\/1173"}],"wp:attachment":[{"href":"http:\/\/csepelfc.hu\/index.php\/wp-json\/wp\/v2\/media?parent=1172"}],"wp:term":[{"taxonomy":"category","embeddable":true,"href":"http:\/\/csepelfc.hu\/index.php\/wp-json\/wp\/v2\/categories?post=1172"},{"taxonomy":"post_tag","embeddable":true,"href":"http:\/\/csepelfc.hu\/index.php\/wp-json\/wp\/v2\/tags?post=1172"}],"curies":[{"name":"wp","href":"https:\/\/api.w.org\/{rel}","templated":true}]}}