{"id":1068,"date":"2017-05-31T08:05:16","date_gmt":"2017-05-31T07:05:16","guid":{"rendered":"http:\/\/csepelfc.hu\/?p=1068"},"modified":"2017-05-31T08:09:55","modified_gmt":"2017-05-31T07:09:55","slug":"nyilt-level-csepel-polgarmesterehez","status":"publish","type":"post","link":"http:\/\/csepelfc.hu\/index.php\/2017\/05\/31\/nyilt-level-csepel-polgarmesterehez\/","title":{"rendered":"Ny\u00edlt lev\u00e9l Csepel Polg\u00e1rmester\u00e9hez"},"content":{"rendered":"<p>A Csepeli H\u00edrmond\u00f3 n\u00e9ven fut\u00f3 XXI. ker\u00fcleti \u00f6nkorm\u00e1nyzati \u00fajs\u00e1gban Borb\u00e9ly L\u00e9n\u00e1rd Csepel polg\u00e1rmestere k\u00f6zvetettem hamis \u00e1ll\u00edt\u00e1st k\u00f6z\u00f6lt a Csepel FC tulajdonosi k\u00f6r\u00e9r\u0151l, amivel megt\u00e9vesztheti a klubban sportol\u00f3 \u00e9s dolgoz\u00f3 embereket illetve a szimpatiz\u00e1nsainkat. A Csepel FC vezet\u0151s\u00e9ge erre reag\u00e1lva \u00edrta meg ny\u00edlt level\u00e9t.<!--more--><\/p>\n<p>&nbsp;<\/p>\n<p>&nbsp;<\/p>\n<p>R\u00e9szlet az omin\u00f3zus cikkb\u0151l, a\u00a0 Kitzinger -Tak\u00f3 \u201e\u00fajs\u00e1g\u00edr\u00f3\u201d p\u00e1ros \u00e1ltal jegyzett \u00edr\u00e1sb\u00f3l:<\/p>\n<p>&#8220;\u00c9s mi a helyzet a Csepel SC- vel?<\/p>\n<p>Borb\u00e9ly L\u00e9n\u00e1rd: &#8211; \u2026\u2026\u2026\u2026\u2026. A Csepel SC Alap\u00edtv\u00e1ny tulajdonosai \u00e9s az \u00f6nkorm\u00e1nyzat k\u00f6z\u00f6tt \u00edgy egy jelent\u0151s n\u00e9zetbeli k\u00fcl\u00f6nb\u00e9g van. Egy\u00e9rtelm\u0171v\u00e9 tettem az ingatlanfejleszt\u0151k sz\u00e1m\u00e1ra, hogy ameddig \u00e9n leszek a polg\u00e1rmester, a B\u00e9ke t\u00e9ri sporttelep hely\u00e9re nem fog lak\u00f3park \u00e9p\u00fclni. Akkor sem, ha <strong>az ott m\u0171k\u00f6d\u0151 feln\u0151tt focicsapat szocialista tulajdonosai ezt a h\u00e1tt\u00e9rb\u0151l csendben t\u00e1mogatj\u00e1k.\u201d<\/strong><\/p>\n<p>Tisztelt Polg\u00e1rmester \u00dar!<\/p>\n<p>Az id\u00e9n 105 esztend\u0151s Csepel FC (jelenlegi jogviszony\u00e1t tekintve Kft.) tulajdonosi k\u00f6r\u00e9t nem egyetlen ember gyakorolja, hanem t\u00f6bb, akik k\u00f6z\u00fcl egyed\u00fcl Tak\u00e1cs Kriszti\u00e1n k\u00f6thet\u0151 a szocialista p\u00e1rthoz, mint \u00f6nkorm\u00e1nyzati k\u00e9pvisel\u0151. A t\u00f6bbi tulajdonos civil foglalkoz\u00e1s\u00fa, akik nem k\u00f6zp\u00e9nzb\u0151l, hanem saj\u00e1t anyagi forr\u00e1sb\u00f3l t\u00e1mogatj\u00e1k Csepelen a labdar\u00fag\u00e1st! Tak\u00e1cs Kriszti\u00e1n, aki kor\u00e1bban a Csepel SC labdar\u00fag\u00f3 szakoszt\u00e1ly\u00e1ban maga is sportolt ugyancsak saj\u00e1t er\u0151b\u0151l, 2005-ben (politikus p\u00e1lyafut\u00e1s\u00e1t megel\u0151z\u0151en) \u201e\u00e9lesztette \u00fajra\u201d a Csepel FC feln\u0151tt futballj\u00e1t, ugyanis a klub 2002- t\u0151l csak ut\u00e1np\u00f3tl\u00e1sm\u0171helyk\u00e9nt funkcion\u00e1lt, els\u0151 csapata egy\u00e1ltal\u00e1n nem l\u00e9tezett. A klub &#8211; h\u00e1la a t\u00e1mogat\u00f3knak \u00e9s a p\u00e1ly\u00e1zati forr\u00e1soknak &#8211; ha csak szer\u00e9ny k\u00f6lts\u00e9gvet\u00e9ssel is, de ma is m\u0171k\u00f6dik, \u00e9s vezet\u0151i igyekeznek a lehet\u0151 legt\u00f6bbet megtenni annak \u00e9rdek\u00e9ben, hogy a k\u00e9k-piros sz\u00ednekben sportol\u00f3k a lehet\u0151s\u00e9gekhez m\u00e9rten a legjobb k\u00f6r\u00fclm\u00e9nyek k\u00f6z\u00f6tt sportoljanak. Teszik ezt \u00e9vek \u00f3ta egyetlen fill\u00e9r \u00f6nkorm\u00e1nyzati t\u00e1mogat\u00e1s n\u00e9lk\u00fcl, ami &#8211; a jelenlegi magyar labdar\u00fag\u00e1s bizonyos k\u00f6reibe \u00e1raml\u00f3 anyagiak tekintet\u00e9ben &#8211; nem kis brav\u00farnak sz\u00e1m\u00edt. Klubunk ugyan\u00fagy b\u00e9rli az edz\u00e9sekhez \u00e9s a m\u00e9rk\u0151z\u00e9sekhez a ter\u00fcletet a Csepel SC Alap\u00edtv\u00e1nyt\u00f3l a B\u00e9ke t\u00e9ri sporttelepen, mint az \u00f6n \u00e1ltal k\u00f6zp\u00e9nzb\u0151l \u00f6sszegr\u00fcndolt Csepel Ut\u00e1np\u00f3tl\u00e1s Sport Egyes\u00fclet, akik \u00e9ppen a minap kaptak meg az \u00f6n \u00e1ltal vezetett \u00f6nkorm\u00e1nyzatt\u00f3l 25 milli\u00f3 forintos t\u00e1mogat\u00e1st m\u00e1r nem el\u0151sz\u00f6r, r\u00f6vidke kis t\u00f6rt\u00e9nelm\u00fck sor\u00e1n. Amivel nem is lenne semmi probl\u00e9ma, ha a ker\u00fcletben m\u0171k\u00f6d\u0151 \u00f6sszes t\u00f6bbi sportegyes\u00fcletre sz\u00e1nt t\u00e1mogat\u00e1s is legal\u00e1bb megk\u00f6zel\u00edten\u00e9 ezt az \u00f6sszeget!<\/p>\n<p>A sporttelep tulajdonos\u00e1nak, a Csepel SC Alap\u00edtv\u00e1nynak terveit sajnos nem ismerj\u00fck, \u00edgy arr\u00f3l sincs tudom\u00e1sunk, hogy lak\u00f3parkot sz\u00e1nn\u00e1nak a ter\u00fcletre, de amennyiben ez \u00edgy lenne, akkor klubunk vezet\u00e9se ugyan\u00fagy tiltakozna ellene, mint m\u00e1s, j\u00f3 \u00e9rz\u00e9s\u0171, sportot szeret\u0151 \u00e9s abban tev\u0151leg is r\u00e9szt vev\u0151 magyar ember, s\u0151t tal\u00e1n m\u00e9g jobban is, hiszen (ak\u00e1r hiszi, ak\u00e1r nem) felel\u0151ss\u00e9ggel tartozunk a n\u00e1lunk sportol\u00f3 t\u00f6bb sz\u00e1z gyerek\u00e9rt \u00e9s a feln\u0151tt csapatunk tagjai\u00e9rt is! V\u00e1daskod\u00e1sa az\u00e9rt is alaptalan, mert \u00f6n j\u00f3l ismeri a sporttelepen m\u00e9g m\u0171k\u00f6d\u0151 egyes\u00fcletek helyzet\u00e9t, akik ugyan\u00fagy k\u00e9zzel-l\u00e1bbal tiltakozn\u00e1nak egy be\u00e9p\u00edt\u00e9s ellen, hiszen elvesz\u00edten\u00e9k az \u00e9letter\u00fcket!<\/p>\n<p>Tisztelt Polg\u00e1rmester \u00dar!<\/p>\n<p>Ez \u00faton is k\u00e9rj\u00fck, hogy vonja vissza \u00e1ll\u00edt\u00e1s\u00e1t, miszerint klubvezet\u0151ink b\u00e1rminem\u0171, a sporttal mer\u0151ben ellent\u00e9tes tev\u00e9kenys\u00e9get t\u00e1mogatn\u00e1nak! A Csepel FC kor\u00e1bban, jelenleg, \u00e9s a j\u00f6v\u0151ben is csak azt t\u00e1mogatja, hogy B\u00e9ke t\u00e9ri sporttelepen a sport\u00e9 legyen a priorit\u00e1s! Azt gondoljuk, hogy \u00f6n v\u00e1rosvezet\u0151k\u00e9nt nincs tiszt\u00e1ban azzal, hogy fenti nyilatkozat\u00e1val nem egy, nem kett\u0151, hanem t\u00f6bb sz\u00e1z s\u0151t, t\u00f6bb ezer olyan embert t\u00e9veszt meg \u00e9s s\u00e9rt, akik ak\u00e1r sportol\u00f3k\u00e9nt, edz\u0151k\u00e9nt, ak\u00e1r hozz\u00e1tartoz\u00f3k\u00e9nt, vagy szimpatiz\u00e1nsk\u00e9nt vesznek r\u00e9szt a Csepel FC \u00e9let\u00e9ben.<\/p>\n<p>Rem\u00e9lj\u00fck, egyszer elj\u00f6n az id\u0151, amikor klubunkra v\u00e9gre nem ellens\u00e9gk\u00e9nt, hanem \u00fagy is tud majd tekinteni, mint Csepel egyik legpatin\u00e1sabb egyes\u00fclet\u00e9re, ahol a hagyom\u00e1nyok tisztelete \u00e9s \u00e1pol\u00e1sa mellett a j\u00f6v\u0151 gener\u00e1ci\u00f3 labdar\u00fag\u00f3inak k\u00e9pz\u00e9se is folyik, akik p\u00e1rtszimp\u00e1ti\u00e1t\u00f3l f\u00fcggetlen\u00fcl (\u00e9s azzal mit sem t\u00f6r\u0151dve) \u00f6nfeledten r\u00fagj\u00e1k a labd\u00e1t a k\u00e9k-piros (csepeli) sikerek rem\u00e9ny\u00e9ben!<\/p>\n<p>Vas\u00e1rnap 18 \u00f3rakor az NB III Nyugati csoportj\u00e1nak z\u00e1r\u00f3 fordul\u00f3j\u00e1ban a Csepel Stadionban fogadjuk a m\u00e1r biztos bajnok \u00e9s feljut\u00f3 ETO FC Gy\u0151r feln\u0151tt csapat\u00e1t 18 \u00f3r\u00e1t\u00f3l. Ez egyben a Csepel FC \u00f6sszes koroszt\u00e1ly\u00e1nak \u00e9vz\u00e1r\u00f3ja is lesz, \u00e9s ha elj\u00f6n (nyilatkozata ellen\u00e9re ugyanis szeretettel invit\u00e1ljuk \u00f6nt \u00e9s kedves csal\u00e1dj\u00e1t) l\u00e1thatja majd, hogy mit jelent a val\u00f3di csepeli labdar\u00fag\u00f3csal\u00e1dhoz tartozni, akiket igaz\u00e1n nem sportszer\u0171 dolog felel\u0151tlen nyilatkozatokkal megt\u00e9veszteni.<\/p>\n<p>Sportbar\u00e1ti \u00dcdv\u00f6zlettel,<\/p>\n<p>Csepel FC vezet\u0151s\u00e9g<\/p>\n<ol start=\"2017\">\n<li>m\u00e1jus 30.<\/li>\n<\/ol>\n","protected":false},"excerpt":{"rendered":"<div class=\"mh-excerpt\"><p>A Csepeli H\u00edrmond\u00f3 n\u00e9ven fut\u00f3 XXI. ker\u00fcleti \u00f6nkorm\u00e1nyzati \u00fajs\u00e1gban Borb\u00e9ly L\u00e9n\u00e1rd Csepel polg\u00e1rmestere k\u00f6zvetettem hamis \u00e1ll\u00edt\u00e1st k\u00f6z\u00f6lt a Csepel FC tulajdonosi k\u00f6r\u00e9r\u0151l, amivel megt\u00e9vesztheti a klubban sportol\u00f3 \u00e9s dolgoz\u00f3 embereket <a class=\"mh-excerpt-more\" href=\"http:\/\/csepelfc.hu\/index.php\/2017\/05\/31\/nyilt-level-csepel-polgarmesterehez\/\" title=\"Ny\u00edlt lev\u00e9l Csepel Polg\u00e1rmester\u00e9hez\">[tov\u00e1bb&#8230;]<\/a><\/p>\n<\/div>","protected":false},"author":4,"featured_media":1069,"comment_status":"closed","ping_status":"open","sticky":false,"template":"","format":"standard","meta":{"jetpack_publicize_message":"","jetpack_is_tweetstorm":false,"jetpack_publicize_feature_enabled":true},"categories":[1,7],"tags":[],"jetpack_publicize_connections":[],"jetpack_featured_media_url":"http:\/\/csepelfc.hu\/wp-content\/uploads\/2017\/05\/ny\u00edltlevel.jpg","jetpack_sharing_enabled":true,"jetpack_shortlink":"https:\/\/wp.me\/p83FEU-he","_links":{"self":[{"href":"http:\/\/csepelfc.hu\/index.php\/wp-json\/wp\/v2\/posts\/1068"}],"collection":[{"href":"http:\/\/csepelfc.hu\/index.php\/wp-json\/wp\/v2\/posts"}],"about":[{"href":"http:\/\/csepelfc.hu\/index.php\/wp-json\/wp\/v2\/types\/post"}],"author":[{"embeddable":true,"href":"http:\/\/csepelfc.hu\/index.php\/wp-json\/wp\/v2\/users\/4"}],"replies":[{"embeddable":true,"href":"http:\/\/csepelfc.hu\/index.php\/wp-json\/wp\/v2\/comments?post=1068"}],"version-history":[{"count":5,"href":"http:\/\/csepelfc.hu\/index.php\/wp-json\/wp\/v2\/posts\/1068\/revisions"}],"predecessor-version":[{"id":1074,"href":"http:\/\/csepelfc.hu\/index.php\/wp-json\/wp\/v2\/posts\/1068\/revisions\/1074"}],"wp:featuredmedia":[{"embeddable":true,"href":"http:\/\/csepelfc.hu\/index.php\/wp-json\/wp\/v2\/media\/1069"}],"wp:attachment":[{"href":"http:\/\/csepelfc.hu\/index.php\/wp-json\/wp\/v2\/media?parent=1068"}],"wp:term":[{"taxonomy":"category","embeddable":true,"href":"http:\/\/csepelfc.hu\/index.php\/wp-json\/wp\/v2\/categories?post=1068"},{"taxonomy":"post_tag","embeddable":true,"href":"http:\/\/csepelfc.hu\/index.php\/wp-json\/wp\/v2\/tags?post=1068"}],"curies":[{"name":"wp","href":"https:\/\/api.w.org\/{rel}","templated":true}]}}