{"id":1026,"date":"2017-05-25T17:07:08","date_gmt":"2017-05-25T16:07:08","guid":{"rendered":"http:\/\/csepelfc.hu\/?p=1026"},"modified":"2017-05-25T17:07:59","modified_gmt":"2017-05-25T16:07:59","slug":"up-az-u14-emelkedett-ki-a-csonka-fordulobol","status":"publish","type":"post","link":"http:\/\/csepelfc.hu\/index.php\/2017\/05\/25\/up-az-u14-emelkedett-ki-a-csonka-fordulobol\/","title":{"rendered":"UP: az U14 emelkedett ki a &#8220;csonka&#8221; fordul\u00f3ban"},"content":{"rendered":"<p>Amint arr\u00f3l kor\u00e1bban besz\u00e1moltunk, a Csepel FC ut\u00e1np\u00f3tl\u00e1s csapatai meglehet\u0151sen felforgatott id\u0151rendben l\u00e9ptek p\u00e1ly\u00e1ra az el\u0151z\u0151 bajnoki fordul\u00f3ban, ahol a legjobb teljes\u00edtm\u00e9nyt a hetek \u00f3ta kiv\u00e1l\u00f3 form\u00e1ban j\u00e1tsz\u00f3 U14 -es csapatunk ny\u00fajtotta, az U15 sajnos nem tudott \u00e9lni a hazai p\u00e1lya el\u0151ny\u00e9vel, az U19 pontot szerzett Bud\u00e1r\u00f3l, m\u00edg a BLSZ U19 -es tal\u00e1lkoz\u00f3nk elmaradt.<!--more--><\/p>\n<p>U-19 III. oszt\u00e1ly K\u00f6z\u00e9p- Nyugat<\/p>\n<p>Budai FC-Tab\u00e1n U18<strong> \u2013<\/strong> <strong>Csepel FC SE 1\u20131 (1\u20131)<\/strong><\/p>\n<p>M\u00e1jus 18. cs\u00fct\u00f6rt\u00f6k, 18:00 Sport 11 Sport \u00e9s Szabadid\u0151k\u00f6zpont<\/p>\n<p><strong>Vezette:<\/strong> Gr\u00fcnvald G\u00e1bor (T\u00f3th II. Tam\u00e1s, Weigl Zsolt)<\/p>\n<p><strong>G.:<\/strong> Kiss D\u00e1vid (\u201929) ill. Kaszab Ferenc (\u201919)<\/p>\n<p><strong>Csepel FC:<\/strong> Szab\u00f3 B\u00e9la \u2013 Vit\u00e1rius Gerg\u0151, Bodn\u00e1r D\u00e1niel, Gy\u0151ri Barnab\u00e1s, N\u00e1das Kriszti\u00e1n, Tkalcec P\u00e9ter (Nagy J\u00e1nos), Garami D\u00e1niel, Garai \u00c1d\u00e1m, Kaszab Ferenc, Torda Bence (Kutika D\u00e1niel), Rakitovszky Viktor (\u00c1rkocsevics Mil\u00e1n)<\/p>\n<p><strong>Kispad:<\/strong> V\u00e9gh Kriszti\u00e1n, B\u00f3dy M\u00e1t\u00e9<\/p>\n<p><strong>Edz\u0151:<\/strong> Borda Viktor<\/p>\n<p><strong>J\u00f3k: <\/strong>Kaszab Ferenc,<\/p>\n<p><strong>Borda Viktor: &#8211; <\/strong>B\u00e1r nem voltunk gy\u0151zelmi k\u00e9nyszerben, mindenk\u00e9ppen nyern\u00fcnk kellett volna, ha m\u00e1r az utols\u00f3 fordul\u00f3 el\u0151tt be szerett\u00fck volna biztos\u00edtani dobog\u00f3n elfoglalt hely\u00fcnket, amit ellenfel\u00fcnk is elmondhatott mag\u00e1r\u00f3l&#8230; Ennek t\u00fckr\u00e9ben a tal\u00e1lkoz\u00f3 eleje el\u00e9g visszafogottra siker\u00fclt, mi egy\u00e1ltal\u00e1n nem kezdt\u00fcnk j\u00f3l, amiben k\u00f6zrej\u00e1tszott a sz\u00e1munkra nem t\u00fal kedvez\u0151 m\u0171f\u00fcves bor\u00edt\u00e1s\u00fa p\u00e1lya is. Mind ezek mellett egy sz\u00e9p akci\u00f3b\u00f3l siker\u00fclt megszerezn\u00fcnk a vezet\u00e9st, de az m\u00e1r hamar kikrist\u00e1lyosodott, hogy ez a meccs nem hozhat t\u00f6bbg\u00f3los sikert sz\u00e1munkra, gondolok itt Busai Tam\u00e1s n\u00e9lk\u00fcl\u00f6z\u00e9s\u00e9re \u00e9s egy iskolai sportrendezv\u00e9nyen megs\u00e9r\u00fcl\u0151 (b\u00e1r a j\u00e1t\u00e9kot v\u00e1llal\u00f3, de k\u00e9s\u0151bb m\u00e9gis lecser\u00e9lt) Torda Benc\u00e9re. Az els\u0151 f\u00e9lid\u0151ben a v\u00e9delmet is meg kellett bontatunk, mert ott bizony sajnos el\u0151fordultak hib\u00e1k, amib\u0151l az egyenl\u00edt\u00e9s is esett. A m\u00e1sodik j\u00e1t\u00e9kr\u00e9szben azt\u00e1n\u00a0nem tudtunk ritmust v\u00e1ltani, b\u00e1r dolgoztunk ki olyan helyzetet\u00a0 amivel eld\u00f6nthett\u00fck volna a meccset, ami sajnos kimaradt, \u00f6sszess\u00e9g\u00e9ben azonban nem lehet\u00fcnk el\u00e9gedetlenek az egy ponttal sem. K\u00e9t j\u00f3 csapat j\u00e1tszott rangad\u00f3t egym\u00e1ssal, aminek v\u00e9gkimenetel\u00e9\u00fcl elfogadhat\u00f3 a d\u00f6ntetlen, b\u00e1r \u00edgy az utols\u00f3 fordul\u00f3ra marad a v\u00e9gs\u0151 helyez\u00e9s eld\u00f6nt\u00e9se. Dics\u00e9ret illeti az eg\u00e9sz csapatot a fegyelmezetts\u00e9g\u00e9\u00e9rt.<\/p>\n<p>U-17 III. oszt\u00e1ly K\u00f6z\u00e9p- Nyugat<\/p>\n<p>Budai FC-Tab\u00e1n U18<strong> \u2013<\/strong> <strong>Csepel FC SE\u00a0\u00a0 \u2013\u00a0 ( \u2013 )<\/strong><\/p>\n<p><strong>M\u00e1jus 25. cs\u00fct\u00f6rt\u00f6k, 18:00<\/strong> Sport 11 Sport \u00e9s Szabadid\u0151k\u00f6zpont<\/p>\n<p><strong>Jv:<\/strong> Vida G\u00e1bor (Zelman P\u00e1l, Dob\u00f3 G\u00e1bor)<\/p>\n<p><strong>G.:<\/strong><\/p>\n<p><strong>Csepel FC:<\/strong><\/p>\n<p>&nbsp;<\/p>\n<p>U-15 II. oszt\u00e1ly K\u00f6z\u00e9p- B<\/p>\n<p><strong>Csepel FC SE \u2013 <\/strong>Dorogi FC <strong>2\u20134 (1\u20134)<\/strong><\/p>\n<p>M\u00e1jus 21. vas\u00e1rnap, 12 \u00f3ra Csepel Stadion, 2. edz\u0151p\u00e1lya<\/p>\n<p><strong>Vezette:<\/strong> Fek\u00e9sh\u00e1zy M\u00e1ty\u00e1s (Czegl\u00e9di Barna, Gyana Gergely)<\/p>\n<p><strong>G.:<\/strong> Lipl Noel (\u201929), Hegyes M\u00e1rton\u00a0 (\u201949), ill. Horv\u00e1th J. (4) \u201916, \u201918, \u201934, \u201939<\/p>\n<p><strong>Csepel FC:<\/strong> Kov\u00e1cs Rich\u00e1rd \u2013 Kerner Tam\u00e1s (Jakab Andr\u00e1s), Sz\u0171cs Krist\u00f3f, Cz\u00e9km\u00e1ny \u00c1d\u00e1m (Kaposv\u00e1ri M\u00e1t\u00e9), M\u00e1t\u00e9 Gerg\u0151, Szikszai Attila, Strum Gerg\u0151, Lipl Noel, Lencs\u00e9s Attila, Hegyes M\u00e1rton, Horv\u00e1th \u00c1kos<\/p>\n<p><strong>Kispad:<\/strong> T\u00f3th Zolt\u00e1n<\/p>\n<p><strong>J\u00f3k: <\/strong>Sz\u0171cs Krist\u00f3f, M\u00e1t\u00e9 Gerg\u0151<\/p>\n<p><strong>N\u00e9meth G\u00e1bor:<\/strong> &#8211; J\u00f3l kezdt\u00fck a m\u00e9rk\u0151z\u00e9st, azt\u00e1n (r\u00e9szben) saj\u00e1t magunkat hoztuk olyan h\u00e1tr\u00e1nyba, amib\u0151l m\u00e1r nem siker\u00fclt ford\u00edtani, egy j\u00f3 er\u0151kb\u0151l \u00e1ll\u00f3 ( k\u00fcl\u00f6n\u00f6sen a t\u00e1mad\u00f3 szekci\u00f3ban ) ellenf\u00e9llel szemben. Csapatom t\u00f6bbsz\u00f6r is bizony\u00edtotta, hogy b\u00e1rki ellen k\u00e9pes h\u00e1tr\u00e1nyb\u00f3l talpra \u00e1llni, ami, ha azt veszem, ezen a m\u00e9rk\u0151z\u00e9sen is siker\u00fclt. A m\u00e1sodik j\u00e1t\u00e9kr\u00e9szben emberh\u00e1tr\u00e1nyban, a helyzeteink sz\u00e1m\u00e1t tekintve 5 g\u00f3lt kellett volna szerezn\u00fcnk, de csak a sz\u00e9p\u00edt\u00e9sre futotta. Sajn\u00e1lom ezt a m\u00e9rk\u0151z\u00e9st, mert\u00a0 a csapat sok energi\u00e1t fektett bele, \u00e9s ez\u00faton is gratul\u00e1lok a p\u00e1ly\u00e1n maradt j\u00e1t\u00e9kosaimnak! A j\u00e1t\u00e9kvezet\u0151 t\u00e9nyked\u00e9s\u00e9t pedig ink\u00e1bb nem komment\u00e1ln\u00e1m&#8230;<\/p>\n<p><strong>\u00a0<\/strong><\/p>\n<p>U-14 II. oszt\u00e1ly K\u00f6z\u00e9p- B<\/p>\n<p><strong>Csepel FC SE \u2013 <\/strong>Dorogi FC <strong>5\u20131 (2\u20130)<\/strong><\/p>\n<p>M\u00e1jus 21. vas\u00e1rnap, 10 \u00f3ra Csepel Stadion, 2. edz\u0151p\u00e1lya<\/p>\n<p><strong>Vezette:<\/strong> Gyana Gergely (Czegl\u00e9di Barna, Fek\u00e9sh\u00e1zy M\u00e1ty\u00e1s)<\/p>\n<p><strong>G.:<\/strong> Varga Zolt\u00e1n (3) \u20197, \u201951, \u201963, P\u00e1sztor P\u00e9ter (2) \u201938, \u201953, ill. Kiss B. \u201946<\/p>\n<p><strong>Csepel FC:<\/strong> Gregus Gerg\u0151 (Oszter M\u00e1rk) \u2013 Varga Krisztofer, V\u00e9gh Patrik, S\u00fck\u00f6sd Kriszti\u00e1n, Kir\u00e1ly Bence (Bacskay Roland), Varga Zolt\u00e1n (D\u00e1niel Gerg\u0151), P\u00e1sztor P\u00e9ter, Kardos \u00c1d\u00e1m, Kiss Marcell, Tornyos Benedek (Kmetz J\u00f3zsef), Zs\u00edros B\u00e1lint (Oszl\u00e1nczi \u00c1ron)<\/p>\n<p><strong>Kispad:<\/strong> \u00c1rend\u00e1s Csaba<\/p>\n<p><strong>J\u00f3k:<\/strong> V\u00e9gh Patrik, Varga Krisztofer, P\u00e1sztor P\u00e9ter<\/p>\n<p><strong>Elekes Zsolt:<\/strong> -J\u00f3 er\u0151kb\u0151l \u00e1ll\u00f3 vend\u00e9gegy\u00fcttest siker\u00fclt magabiztosan k\u00e9t v\u00e1llra fektetn\u00fcnk. T\u00edz percet lesz\u00e1m\u00edtva az t\u00f6rt\u00e9nt a p\u00e1ly\u00e1n, amit eltervezt\u00fcnk, j\u00f3 j\u00e1t\u00e9kkal teljesen meg\u00e9rdemelt sikert arattunk amellyel m\u00e1r a harmadik tal\u00e1lkoz\u00f3nkon \u00e9rt\u00fcnk el nagyar\u00e1ny\u00fa gy\u0151zelmet.<\/p>\n<p>&nbsp;<\/p>\n<p>BLSZ Ifj\u00fas\u00e1gi U-19<\/p>\n<p><strong>Csepel FC SE \u2013 <\/strong>L\u0151rinc United <strong>\u2013 ( \u2013 )<\/strong><\/p>\n<p>M\u00e1jus 20. szombat, 10 \u00f3ra Csepel Stadion,<\/p>\n<p><strong>ELMARADT<\/strong><\/p>\n","protected":false},"excerpt":{"rendered":"<div class=\"mh-excerpt\"><p>Amint arr\u00f3l kor\u00e1bban besz\u00e1moltunk, a Csepel FC ut\u00e1np\u00f3tl\u00e1s csapatai meglehet\u0151sen felforgatott id\u0151rendben l\u00e9ptek p\u00e1ly\u00e1ra az el\u0151z\u0151 bajnoki fordul\u00f3ban, ahol a legjobb teljes\u00edtm\u00e9nyt a hetek \u00f3ta kiv\u00e1l\u00f3 form\u00e1ban j\u00e1tsz\u00f3 U14 -es <a class=\"mh-excerpt-more\" href=\"http:\/\/csepelfc.hu\/index.php\/2017\/05\/25\/up-az-u14-emelkedett-ki-a-csonka-fordulobol\/\" title=\"UP: az U14 emelkedett ki a &#8220;csonka&#8221; fordul\u00f3ban\">[tov\u00e1bb&#8230;]<\/a><\/p>\n<\/div>","protected":false},"author":4,"featured_media":1030,"comment_status":"closed","ping_status":"open","sticky":false,"template":"","format":"standard","meta":{"jetpack_publicize_message":"","jetpack_is_tweetstorm":false,"jetpack_publicize_feature_enabled":true},"categories":[1,3],"tags":[],"jetpack_publicize_connections":[],"jetpack_featured_media_url":"http:\/\/csepelfc.hu\/wp-content\/uploads\/2017\/05\/Cs-D.k..jpg","jetpack_sharing_enabled":true,"jetpack_shortlink":"https:\/\/wp.me\/p83FEU-gy","_links":{"self":[{"href":"http:\/\/csepelfc.hu\/index.php\/wp-json\/wp\/v2\/posts\/1026"}],"collection":[{"href":"http:\/\/csepelfc.hu\/index.php\/wp-json\/wp\/v2\/posts"}],"about":[{"href":"http:\/\/csepelfc.hu\/index.php\/wp-json\/wp\/v2\/types\/post"}],"author":[{"embeddable":true,"href":"http:\/\/csepelfc.hu\/index.php\/wp-json\/wp\/v2\/users\/4"}],"replies":[{"embeddable":true,"href":"http:\/\/csepelfc.hu\/index.php\/wp-json\/wp\/v2\/comments?post=1026"}],"version-history":[{"count":7,"href":"http:\/\/csepelfc.hu\/index.php\/wp-json\/wp\/v2\/posts\/1026\/revisions"}],"predecessor-version":[{"id":1034,"href":"http:\/\/csepelfc.hu\/index.php\/wp-json\/wp\/v2\/posts\/1026\/revisions\/1034"}],"wp:featuredmedia":[{"embeddable":true,"href":"http:\/\/csepelfc.hu\/index.php\/wp-json\/wp\/v2\/media\/1030"}],"wp:attachment":[{"href":"http:\/\/csepelfc.hu\/index.php\/wp-json\/wp\/v2\/media?parent=1026"}],"wp:term":[{"taxonomy":"category","embeddable":true,"href":"http:\/\/csepelfc.hu\/index.php\/wp-json\/wp\/v2\/categories?post=1026"},{"taxonomy":"post_tag","embeddable":true,"href":"http:\/\/csepelfc.hu\/index.php\/wp-json\/wp\/v2\/tags?post=1026"}],"curies":[{"name":"wp","href":"https:\/\/api.w.org\/{rel}","templated":true}]}}