{"id":1022,"date":"2017-05-22T14:35:26","date_gmt":"2017-05-22T13:35:26","guid":{"rendered":"http:\/\/csepelfc.hu\/?p=1022"},"modified":"2017-05-22T14:35:26","modified_gmt":"2017-05-22T13:35:26","slug":"remeljuk-hogy-egyre-tobben-erzik-majd-magukenak-az-ilyen-sikereket-csepelen-mestermerleg","status":"publish","type":"post","link":"http:\/\/csepelfc.hu\/index.php\/2017\/05\/22\/remeljuk-hogy-egyre-tobben-erzik-majd-magukenak-az-ilyen-sikereket-csepelen-mestermerleg\/","title":{"rendered":"&#8220;Rem\u00e9lj\u00fck, hogy egyre t\u00f6bben \u00e9rzik majd maguk\u00e9nak az ilyen sikereket Csepelen&#8221; &#8211; Mesterm\u00e9rleg"},"content":{"rendered":"<p>Az FC Ajka felett aratott gy\u0151zelemmel a Csepel FC feln\u0151tt csapata gyakorlatilag megv\u00e1ltotta helyjegy\u00e9t a k\u00f6vetkez\u0151 harmadoszt\u00e1ly\u00fa ki\u00edr\u00e1sra \u00e9s hab a tort\u00e1n, hogy nem mindennapi g\u00f3llal siker\u00fclt fel\u00fclkerekedn\u00fcnk a kor\u00e1bban NB II-es \u00e1lmokat is d\u00e9delget\u0151 ajkaiak ellen.<!--more-->A tal\u00e1lkoz\u00f3t ez\u00fattal rendhagy\u00f3 m\u00f3don nem szakmai vezet\u0151nk, hanem a st\u00e1b oszlopos tagja, Szab\u00f3 Zolt\u00e1n edz\u0151nk \u00e9rt\u00e9kelte.<\/p>\n<p><strong>Szab\u00f3 Zolt\u00e1n:<\/strong> &#8211; Az eg\u00e9sz csapatot dics\u00e9ret illeti a mai teljes\u00edtm\u00e9ny\u00e9rt, ez\u00fattal is\u00a0stabilan v\u00e9dekezt\u00fcnk, remek volt a sr\u00e1cok hozz\u00e1\u00e1ll\u00e1sa a meccshez \u00e9s annak ellen\u00e9re, hogy az Ajka ellen egy d\u00f6ntetlen is dics\u00e9retes teljes\u00edtm\u00e9ny lett volna, v\u00e9g\u00fcl siker\u00fclt m\u00e9g feltenni az i-re a pontot. T\u00f6bb j\u00f3 teljes\u00edtm\u00e9ny is akadt a tal\u00e1lkoz\u00f3n, igaz\u00e1b\u00f3l nem is tudn\u00e9k kiemelni senkit, a csapategys\u00e9gben l\u00e1tom a siker val\u00f3di ok\u00e1t. Bebizonyosodott, hogy a tavaly \u0151sszel\u00a0elkezdett munka igaz\u00e1n mostanra hozta meg a gy\u00fcm\u00f6lcs\u00e9t, az elm\u00falt n\u00e9h\u00e1ny fordul\u00f3ban mindenki l\u00e1thatta, hogy a szisztematikus \u00e9p\u00edtkez\u00e9snek meg lett az eredm\u00e9nye, s bizony\u00edtottuk, hogy hely\u00fcnk van az\u00a0 NB III-ban, ahol ilyen csod\u00e1latos g\u00f3lokat is tudunk r\u00fagni, mint az Ajka ellen. K\u00fcl\u00f6n \u00f6r\u00f6m, hogy a l\u00e1that\u00f3an\u00a0egyre gyarapod\u00f3, lelkes szurkol\u00f3inkat \u00fajabb gy\u0151zelemmel tudtuk meg\u00f6rvendeztetni, s rem\u00e9lj\u00fck, hogy egyre t\u00f6bben \u00e9rzik majd maguk\u00e9nak az ilyen \u00e9s ehhez hasonl\u00f3 sikereket Csepelen.<\/p>\n","protected":false},"excerpt":{"rendered":"<div class=\"mh-excerpt\"><p>Az FC Ajka felett aratott gy\u0151zelemmel a Csepel FC feln\u0151tt csapata gyakorlatilag megv\u00e1ltotta helyjegy\u00e9t a k\u00f6vetkez\u0151 harmadoszt\u00e1ly\u00fa ki\u00edr\u00e1sra \u00e9s hab a tort\u00e1n, hogy nem mindennapi g\u00f3llal siker\u00fclt fel\u00fclkerekedn\u00fcnk a kor\u00e1bban <a class=\"mh-excerpt-more\" href=\"http:\/\/csepelfc.hu\/index.php\/2017\/05\/22\/remeljuk-hogy-egyre-tobben-erzik-majd-magukenak-az-ilyen-sikereket-csepelen-mestermerleg\/\" title=\"&#8220;Rem\u00e9lj\u00fck, hogy egyre t\u00f6bben \u00e9rzik majd maguk\u00e9nak az ilyen sikereket Csepelen&#8221; &#8211; Mesterm\u00e9rleg\">[tov\u00e1bb&#8230;]<\/a><\/p>\n<\/div>","protected":false},"author":4,"featured_media":301,"comment_status":"closed","ping_status":"open","sticky":false,"template":"","format":"standard","meta":{"jetpack_publicize_message":"","jetpack_is_tweetstorm":false,"jetpack_publicize_feature_enabled":true},"categories":[1,7],"tags":[],"jetpack_publicize_connections":[],"jetpack_featured_media_url":"http:\/\/csepelfc.hu\/wp-content\/uploads\/2016\/11\/szaboz.jpg","jetpack_sharing_enabled":true,"jetpack_shortlink":"https:\/\/wp.me\/p83FEU-gu","_links":{"self":[{"href":"http:\/\/csepelfc.hu\/index.php\/wp-json\/wp\/v2\/posts\/1022"}],"collection":[{"href":"http:\/\/csepelfc.hu\/index.php\/wp-json\/wp\/v2\/posts"}],"about":[{"href":"http:\/\/csepelfc.hu\/index.php\/wp-json\/wp\/v2\/types\/post"}],"author":[{"embeddable":true,"href":"http:\/\/csepelfc.hu\/index.php\/wp-json\/wp\/v2\/users\/4"}],"replies":[{"embeddable":true,"href":"http:\/\/csepelfc.hu\/index.php\/wp-json\/wp\/v2\/comments?post=1022"}],"version-history":[{"count":1,"href":"http:\/\/csepelfc.hu\/index.php\/wp-json\/wp\/v2\/posts\/1022\/revisions"}],"predecessor-version":[{"id":1023,"href":"http:\/\/csepelfc.hu\/index.php\/wp-json\/wp\/v2\/posts\/1022\/revisions\/1023"}],"wp:featuredmedia":[{"embeddable":true,"href":"http:\/\/csepelfc.hu\/index.php\/wp-json\/wp\/v2\/media\/301"}],"wp:attachment":[{"href":"http:\/\/csepelfc.hu\/index.php\/wp-json\/wp\/v2\/media?parent=1022"}],"wp:term":[{"taxonomy":"category","embeddable":true,"href":"http:\/\/csepelfc.hu\/index.php\/wp-json\/wp\/v2\/categories?post=1022"},{"taxonomy":"post_tag","embeddable":true,"href":"http:\/\/csepelfc.hu\/index.php\/wp-json\/wp\/v2\/tags?post=1022"}],"curies":[{"name":"wp","href":"https:\/\/api.w.org\/{rel}","templated":true}]}}